{"id":141,"date":"2009-09-23T04:23:32","date_gmt":"2009-09-23T02:23:32","guid":{"rendered":"http:\/\/teuthorn.net\/reise\/?p=141"},"modified":"2013-02-26T00:40:54","modified_gmt":"2013-02-25T23:40:54","slug":"fluss-radwandern-die-saale","status":"publish","type":"post","link":"http:\/\/teuthorn.net\/reise\/archive\/141","title":{"rendered":"Fluss-Radwandern &#8211; die Saale"},"content":{"rendered":"<p><strong><span style=\"color: #800000;\">Fl\u00fcsse radeln, das Aktivprogramm f\u00fcr Senioren.\u00a0 Wieviele Fl\u00fcsse schaffe ich vor dem Altersheim?<\/span><\/strong><br \/>\nDie Unstrut zur Zeit der Rapsbl\u00fcte im Mai\u00a0 bot entspannt genussvolles Radln.\u00a0 Jetzt geht es um die Saale.\u00a0 Von der Quelle bis zur Einm\u00fcndung in die Elbe.<\/p>\n<div id=\"attachment_150\" style=\"width: 460px\" class=\"wp-caption alignleft\"><img loading=\"lazy\" decoding=\"async\" aria-describedby=\"caption-attachment-150\" class=\"size-full wp-image-150\" title=\"0760_450\" alt=\"Unstrut-Radln\" src=\"http:\/\/teuthorn.net\/reise\/wp-content\/uploads\/2009\/08\/0760_450.jpg\" width=\"450\" height=\"262\" srcset=\"http:\/\/teuthorn.net\/reise\/wp-content\/uploads\/2009\/08\/0760_450.jpg 450w, http:\/\/teuthorn.net\/reise\/wp-content\/uploads\/2009\/08\/0760_450-150x87.jpg 150w\" sizes=\"(max-width: 450px) 100vw, 450px\" \/><p id=\"caption-attachment-150\" class=\"wp-caption-text\">Unstrut-Radln<\/p><\/div>\n<p>Eigentlich wollte ich mit Freunden in gem\u00e4chlichen Etappen von Saalfeld aus starten und uns daf\u00fcr eine gute Woche Zeit g\u00f6nnen. \u00a0 Mit ihrer \u00fcberraschenden Absage und meiner trotzigen Entscheidung f\u00fcr einen Alleingang konnte ich es wagen, die volle Tour zu machen.\u00a0 Die Etappen lagen am Anfang nicht fest. Aus der R\u00fcckschau waren es folgende Strecken:<\/p>\n<p>Mo, 24 . 8. \/ Bahnfahrt M\u00fcnchen &#8211; Hof\/M\u00fcnchberg &#8211; Zell = Saalequelle &#8211; 12 km<br \/>\nDi, 25. 8. \/\u00a0 Zell &#8211; Blankenstein &#8211; 65 km<br \/>\nMi, 26. 8. \/\u00a0 Blankenstein &#8211; Ziegenr\u00fcck &#8211; 45 km<br \/>\nDo, 27. 8. \/\u00a0 Ziegenr\u00fcck &#8211; Saalfeld &#8211; 45 km<br \/>\nFr. 28. 8. \/ Saalfeld &#8211; Jena &#8211; 55 km<br \/>\nSa, 29.8. \/ Jena &#8211; Bad K\u00f6sen &#8211; 35 km<br \/>\nSo, 30.8. \/ Bad K\u00f6sen &#8211; Merseburg &#8211; 65 km<br \/>\nMo, 31.8. \/ Merseburg &#8211; Bernburg &#8211; 85 km<br \/>\nDi, 1.9. \/ Bernburg &#8211; Barby &#8211; Calbe &#8211; 65 km<br \/>\nMi, 2.9. \/ R\u00fcckfahrt Calbe-Ost M\u00fcnchen<\/p>\n<p><a href=\"http:\/\/teuthorn.net\/reise\/?p=148\">Morgen geht&#8217;s los<\/a>.<\/p>\n<p>(Bei der Planung war der Link\u00a0 <a title=\"Saale-Radwanderweg.de\" href=\"http:\/\/www.saale-radwanderweg.de\/index.htm\" target=\"_blank\">Saale-Radwanderweg.de<\/a> eine gute Hilfe.)<\/p>\n","protected":false},"excerpt":{"rendered":"<p>Fl\u00fcsse radeln, das Aktivprogramm f\u00fcr Senioren.\u00a0 Wieviele Fl\u00fcsse schaffe ich vor dem Altersheim? Die Unstrut zur Zeit der Rapsbl\u00fcte im Mai\u00a0 bot entspannt genussvolles Radln.\u00a0 Jetzt geht es um die Saale.\u00a0 Von der Quelle bis zur Einm\u00fcndung in die Elbe&#8230;.<br \/><a class=\"read-more-button\" href=\"http:\/\/teuthorn.net\/reise\/archive\/141\">Mehr Lesen<\/a><\/p>\n","protected":false},"author":1,"featured_media":0,"comment_status":"closed","ping_status":"closed","sticky":false,"template":"","format":"standard","meta":{"footnotes":""},"categories":[5],"tags":[20],"class_list":["post-141","post","type-post","status-publish","format-standard","hentry","category-deutschland","tag-saale"],"_links":{"self":[{"href":"http:\/\/teuthorn.net\/reise\/wp-json\/wp\/v2\/posts\/141"}],"collection":[{"href":"http:\/\/teuthorn.net\/reise\/wp-json\/wp\/v2\/posts"}],"about":[{"href":"http:\/\/teuthorn.net\/reise\/wp-json\/wp\/v2\/types\/post"}],"author":[{"embeddable":true,"href":"http:\/\/teuthorn.net\/reise\/wp-json\/wp\/v2\/users\/1"}],"replies":[{"embeddable":true,"href":"http:\/\/teuthorn.net\/reise\/wp-json\/wp\/v2\/comments?post=141"}],"version-history":[{"count":25,"href":"http:\/\/teuthorn.net\/reise\/wp-json\/wp\/v2\/posts\/141\/revisions"}],"predecessor-version":[{"id":634,"href":"http:\/\/teuthorn.net\/reise\/wp-json\/wp\/v2\/posts\/141\/revisions\/634"}],"wp:attachment":[{"href":"http:\/\/teuthorn.net\/reise\/wp-json\/wp\/v2\/media?parent=141"}],"wp:term":[{"taxonomy":"category","embeddable":true,"href":"http:\/\/teuthorn.net\/reise\/wp-json\/wp\/v2\/categories?post=141"},{"taxonomy":"post_tag","embeddable":true,"href":"http:\/\/teuthorn.net\/reise\/wp-json\/wp\/v2\/tags?post=141"}],"curies":[{"name":"wp","href":"https:\/\/api.w.org\/{rel}","templated":true}]}}