{"id":10103,"date":"2021-09-22T23:21:10","date_gmt":"2021-09-22T21:21:10","guid":{"rendered":"http:\/\/teuthorn.net\/feuilleton\/?p=10103"},"modified":"2021-09-27T16:35:02","modified_gmt":"2021-09-27T14:35:02","slug":"mein-besuch-von-wittenberg","status":"publish","type":"post","link":"https:\/\/teuthorn.net\/feuilleton\/?p=10103","title":{"rendered":"Mein Besuch von Wittenberg"},"content":{"rendered":"\n<div class=\"wp-block-image\"><figure class=\"alignleft size-large is-resized\"><a href=\"http:\/\/teuthorn.net\/feuilleton\/wp-content\/uploads\/2021\/09\/panometer-wittenberg1b-scaled.jpg\"><img decoding=\"async\" src=\"http:\/\/teuthorn.net\/feuilleton\/wp-content\/uploads\/2021\/09\/panometer-wittenberg1b-1024x724.jpg\" alt=\"\" class=\"wp-image-10117\" width=\"295\" height=\"208\" srcset=\"https:\/\/teuthorn.net\/feuilleton\/wp-content\/uploads\/2021\/09\/panometer-wittenberg1b-1024x724.jpg 1024w, https:\/\/teuthorn.net\/feuilleton\/wp-content\/uploads\/2021\/09\/panometer-wittenberg1b-400x283.jpg 400w, https:\/\/teuthorn.net\/feuilleton\/wp-content\/uploads\/2021\/09\/panometer-wittenberg1b-768x543.jpg 768w, https:\/\/teuthorn.net\/feuilleton\/wp-content\/uploads\/2021\/09\/panometer-wittenberg1b-1536x1086.jpg 1536w, https:\/\/teuthorn.net\/feuilleton\/wp-content\/uploads\/2021\/09\/panometer-wittenberg1b-2048x1448.jpg 2048w, https:\/\/teuthorn.net\/feuilleton\/wp-content\/uploads\/2021\/09\/panometer-wittenberg1b-212x150.jpg 212w\" sizes=\"(max-width: 295px) 100vw, 295px\" \/><\/a><figcaption>Alle Fotos sind vergr\u00f6\u00dferbar.<\/figcaption><\/figure><\/div>\n\n\n\n<p class=\"wp-block-paragraph\">Viele Orte wurden nur deshalb Reiseziel, weil ich meinem genealogischen Kompass folgte. Diesmal war die Jahrestagung der AMF der Anlass. <\/p>\n\n\n\n<p class=\"wp-block-paragraph\">Die Altstadt von Wittenberg ist \u00fcbersichtlich, gepflegt und aufger\u00e4umt. Das Erste was dem Besucher, also mir, auff\u00e4llt ist der Belag von Stra\u00dfen, B\u00fcrgersteigen und Pl\u00e4tzen. Pflasterkunst vom aller Feinsten. Und das durchg\u00e4ngig. Die F\u00f6rdergelder flossen reichlich. Aber das Ergebnis kann sich sehen lassen. Gleiches gilt f\u00fcr die histotrischen Kulturst\u00e4tten.<\/p>\n\n\n\n<h3 class=\"wp-block-heading\">Panometer<\/h3>\n\n\n\n<p class=\"wp-block-paragraph\">Meine sonnt\u00e4gliche Wanderung durch die Stadt beginnt am Panometer mit <strong>Yadegar Asisis 360-Grad-Panorama Luther 1517<\/strong>, also mit Wittenberg zur Zeit des Thesenanschlags. Und damit beginnt nach \u00dcbereinkunft der meisten Historiker ja die Fr\u00fche Neuzeit. Mit den besuchten Panoramen zu Pergamon (Berlin), und V\u00f6lkerschlacht 1813 (Leipzig) mache ich nun ein Trio voll.<\/p>\n\n\n\n<div class=\"wp-block-image\"><figure class=\"alignright size-large is-resized\"><a href=\"http:\/\/teuthorn.net\/feuilleton\/wp-content\/uploads\/2021\/09\/panometer-wittenberg8-scaled.jpg\" target=\"_blank\" rel=\"noopener noreferrer\"><img decoding=\"async\" src=\"http:\/\/teuthorn.net\/feuilleton\/wp-content\/uploads\/2021\/09\/panometer-wittenberg8-1024x717.jpg\" alt=\"\" class=\"wp-image-10115\" width=\"170\" height=\"119\" srcset=\"https:\/\/teuthorn.net\/feuilleton\/wp-content\/uploads\/2021\/09\/panometer-wittenberg8-1024x717.jpg 1024w, https:\/\/teuthorn.net\/feuilleton\/wp-content\/uploads\/2021\/09\/panometer-wittenberg8-400x280.jpg 400w, https:\/\/teuthorn.net\/feuilleton\/wp-content\/uploads\/2021\/09\/panometer-wittenberg8-768x538.jpg 768w, https:\/\/teuthorn.net\/feuilleton\/wp-content\/uploads\/2021\/09\/panometer-wittenberg8-1536x1075.jpg 1536w, https:\/\/teuthorn.net\/feuilleton\/wp-content\/uploads\/2021\/09\/panometer-wittenberg8-2048x1434.jpg 2048w, https:\/\/teuthorn.net\/feuilleton\/wp-content\/uploads\/2021\/09\/panometer-wittenberg8-214x150.jpg 214w\" sizes=\"(max-width: 170px) 100vw, 170px\" \/><\/a><\/figure><\/div>\n\n\n\n<p class=\"wp-block-paragraph\">Volk dr\u00e4ngt zu den Stadttoren hinein und hinaus, gesch\u00e4ftige Einwohner auf engen Gasen vor den das Bild beherrschenden Doppelt\u00fcrmen der Stadtkirche und nat\u00fcrlich der Schlosskirche, die h\u00f6heren St\u00e4nde zu Pferd. Die st\u00e4ndische Bev\u00f6lkerung unterscheidet sich in Kleidung und vor allem Kopfbedeckung, also Kopftuch, Haube, Kappe, M\u00fctze, einfacher bis breit ausladender Hut, die Edelleute mit Feder, und dann nat\u00fcrlich die Tonsuren der Kleriker.<\/p>\n\n\n\n<figure class=\"wp-block-gallery columns-3 is-cropped wp-block-gallery-1 is-layout-flex wp-block-gallery-is-layout-flex\"><ul class=\"blocks-gallery-grid\"><li class=\"blocks-gallery-item\"><figure><a href=\"http:\/\/teuthorn.net\/feuilleton\/wp-content\/uploads\/2021\/09\/panometer-wittenberg3-scaled.jpg\"><img decoding=\"async\" width=\"1024\" height=\"736\" src=\"http:\/\/teuthorn.net\/feuilleton\/wp-content\/uploads\/2021\/09\/panometer-wittenberg3-1024x736.jpg\" alt=\"\" data-id=\"10110\" data-full-url=\"http:\/\/teuthorn.net\/feuilleton\/wp-content\/uploads\/2021\/09\/panometer-wittenberg3-scaled.jpg\" data-link=\"http:\/\/teuthorn.net\/feuilleton\/?attachment_id=10110\" class=\"wp-image-10110\" srcset=\"https:\/\/teuthorn.net\/feuilleton\/wp-content\/uploads\/2021\/09\/panometer-wittenberg3-1024x736.jpg 1024w, https:\/\/teuthorn.net\/feuilleton\/wp-content\/uploads\/2021\/09\/panometer-wittenberg3-400x288.jpg 400w, https:\/\/teuthorn.net\/feuilleton\/wp-content\/uploads\/2021\/09\/panometer-wittenberg3-768x552.jpg 768w, https:\/\/teuthorn.net\/feuilleton\/wp-content\/uploads\/2021\/09\/panometer-wittenberg3-1536x1104.jpg 1536w, https:\/\/teuthorn.net\/feuilleton\/wp-content\/uploads\/2021\/09\/panometer-wittenberg3-2048x1472.jpg 2048w, https:\/\/teuthorn.net\/feuilleton\/wp-content\/uploads\/2021\/09\/panometer-wittenberg3-209x150.jpg 209w\" sizes=\"(max-width: 1024px) 100vw, 1024px\" \/><\/a><\/figure><\/li><li class=\"blocks-gallery-item\"><figure><a href=\"http:\/\/teuthorn.net\/feuilleton\/wp-content\/uploads\/2021\/09\/panometer-wittenberg1-scaled.jpg\"><img decoding=\"async\" width=\"1024\" height=\"686\" src=\"http:\/\/teuthorn.net\/feuilleton\/wp-content\/uploads\/2021\/09\/panometer-wittenberg1-1024x686.jpg\" alt=\"\" data-id=\"10108\" data-full-url=\"http:\/\/teuthorn.net\/feuilleton\/wp-content\/uploads\/2021\/09\/panometer-wittenberg1-scaled.jpg\" data-link=\"http:\/\/teuthorn.net\/feuilleton\/?attachment_id=10108\" class=\"wp-image-10108\" srcset=\"https:\/\/teuthorn.net\/feuilleton\/wp-content\/uploads\/2021\/09\/panometer-wittenberg1-1024x686.jpg 1024w, https:\/\/teuthorn.net\/feuilleton\/wp-content\/uploads\/2021\/09\/panometer-wittenberg1-400x268.jpg 400w, https:\/\/teuthorn.net\/feuilleton\/wp-content\/uploads\/2021\/09\/panometer-wittenberg1-768x515.jpg 768w, https:\/\/teuthorn.net\/feuilleton\/wp-content\/uploads\/2021\/09\/panometer-wittenberg1-1536x1029.jpg 1536w, https:\/\/teuthorn.net\/feuilleton\/wp-content\/uploads\/2021\/09\/panometer-wittenberg1-2048x1372.jpg 2048w, https:\/\/teuthorn.net\/feuilleton\/wp-content\/uploads\/2021\/09\/panometer-wittenberg1-224x150.jpg 224w\" sizes=\"(max-width: 1024px) 100vw, 1024px\" \/><\/a><\/figure><\/li><li class=\"blocks-gallery-item\"><figure><a href=\"http:\/\/teuthorn.net\/feuilleton\/wp-content\/uploads\/2021\/09\/panometer-wittenberg7-scaled.jpg\"><img decoding=\"async\" width=\"1024\" height=\"738\" src=\"http:\/\/teuthorn.net\/feuilleton\/wp-content\/uploads\/2021\/09\/panometer-wittenberg7-1024x738.jpg\" alt=\"\" data-id=\"10114\" data-full-url=\"http:\/\/teuthorn.net\/feuilleton\/wp-content\/uploads\/2021\/09\/panometer-wittenberg7-scaled.jpg\" data-link=\"http:\/\/teuthorn.net\/feuilleton\/?attachment_id=10114\" class=\"wp-image-10114\" srcset=\"https:\/\/teuthorn.net\/feuilleton\/wp-content\/uploads\/2021\/09\/panometer-wittenberg7-1024x738.jpg 1024w, https:\/\/teuthorn.net\/feuilleton\/wp-content\/uploads\/2021\/09\/panometer-wittenberg7-400x288.jpg 400w, https:\/\/teuthorn.net\/feuilleton\/wp-content\/uploads\/2021\/09\/panometer-wittenberg7-768x554.jpg 768w, https:\/\/teuthorn.net\/feuilleton\/wp-content\/uploads\/2021\/09\/panometer-wittenberg7-1536x1108.jpg 1536w, https:\/\/teuthorn.net\/feuilleton\/wp-content\/uploads\/2021\/09\/panometer-wittenberg7-2048x1477.jpg 2048w, https:\/\/teuthorn.net\/feuilleton\/wp-content\/uploads\/2021\/09\/panometer-wittenberg7-208x150.jpg 208w\" sizes=\"(max-width: 1024px) 100vw, 1024px\" \/><\/a><\/figure><\/li><li class=\"blocks-gallery-item\"><figure><a href=\"http:\/\/teuthorn.net\/feuilleton\/wp-content\/uploads\/2021\/09\/panometer-wittenberg4-scaled.jpg\"><img decoding=\"async\" width=\"1024\" height=\"768\" src=\"http:\/\/teuthorn.net\/feuilleton\/wp-content\/uploads\/2021\/09\/panometer-wittenberg4-1024x768.jpg\" alt=\"\" data-id=\"10111\" data-full-url=\"http:\/\/teuthorn.net\/feuilleton\/wp-content\/uploads\/2021\/09\/panometer-wittenberg4-scaled.jpg\" data-link=\"http:\/\/teuthorn.net\/feuilleton\/?attachment_id=10111\" class=\"wp-image-10111\" srcset=\"https:\/\/teuthorn.net\/feuilleton\/wp-content\/uploads\/2021\/09\/panometer-wittenberg4-1024x768.jpg 1024w, https:\/\/teuthorn.net\/feuilleton\/wp-content\/uploads\/2021\/09\/panometer-wittenberg4-400x300.jpg 400w, https:\/\/teuthorn.net\/feuilleton\/wp-content\/uploads\/2021\/09\/panometer-wittenberg4-200x150.jpg 200w, https:\/\/teuthorn.net\/feuilleton\/wp-content\/uploads\/2021\/09\/panometer-wittenberg4-768x576.jpg 768w, https:\/\/teuthorn.net\/feuilleton\/wp-content\/uploads\/2021\/09\/panometer-wittenberg4-1536x1152.jpg 1536w, https:\/\/teuthorn.net\/feuilleton\/wp-content\/uploads\/2021\/09\/panometer-wittenberg4-2048x1536.jpg 2048w\" sizes=\"(max-width: 1024px) 100vw, 1024px\" \/><\/a><\/figure><\/li><li class=\"blocks-gallery-item\"><figure><a href=\"http:\/\/teuthorn.net\/feuilleton\/wp-content\/uploads\/2021\/09\/panometer-wittenberg5-scaled.jpg\"><img decoding=\"async\" width=\"1024\" height=\"703\" src=\"http:\/\/teuthorn.net\/feuilleton\/wp-content\/uploads\/2021\/09\/panometer-wittenberg5-1024x703.jpg\" alt=\"\" data-id=\"10112\" data-full-url=\"http:\/\/teuthorn.net\/feuilleton\/wp-content\/uploads\/2021\/09\/panometer-wittenberg5-scaled.jpg\" data-link=\"http:\/\/teuthorn.net\/feuilleton\/?attachment_id=10112\" class=\"wp-image-10112\" srcset=\"https:\/\/teuthorn.net\/feuilleton\/wp-content\/uploads\/2021\/09\/panometer-wittenberg5-1024x703.jpg 1024w, https:\/\/teuthorn.net\/feuilleton\/wp-content\/uploads\/2021\/09\/panometer-wittenberg5-400x275.jpg 400w, https:\/\/teuthorn.net\/feuilleton\/wp-content\/uploads\/2021\/09\/panometer-wittenberg5-768x527.jpg 768w, https:\/\/teuthorn.net\/feuilleton\/wp-content\/uploads\/2021\/09\/panometer-wittenberg5-1536x1054.jpg 1536w, https:\/\/teuthorn.net\/feuilleton\/wp-content\/uploads\/2021\/09\/panometer-wittenberg5-2048x1406.jpg 2048w, https:\/\/teuthorn.net\/feuilleton\/wp-content\/uploads\/2021\/09\/panometer-wittenberg5-218x150.jpg 218w\" sizes=\"(max-width: 1024px) 100vw, 1024px\" \/><\/a><\/figure><\/li><li class=\"blocks-gallery-item\"><figure><a href=\"http:\/\/teuthorn.net\/feuilleton\/wp-content\/uploads\/2021\/09\/panometer-wittenberg6-scaled.jpg\"><img decoding=\"async\" width=\"1024\" height=\"672\" src=\"http:\/\/teuthorn.net\/feuilleton\/wp-content\/uploads\/2021\/09\/panometer-wittenberg6-1024x672.jpg\" alt=\"\" data-id=\"10113\" data-full-url=\"http:\/\/teuthorn.net\/feuilleton\/wp-content\/uploads\/2021\/09\/panometer-wittenberg6-scaled.jpg\" data-link=\"http:\/\/teuthorn.net\/feuilleton\/?attachment_id=10113\" class=\"wp-image-10113\" srcset=\"https:\/\/teuthorn.net\/feuilleton\/wp-content\/uploads\/2021\/09\/panometer-wittenberg6-1024x672.jpg 1024w, https:\/\/teuthorn.net\/feuilleton\/wp-content\/uploads\/2021\/09\/panometer-wittenberg6-400x262.jpg 400w, https:\/\/teuthorn.net\/feuilleton\/wp-content\/uploads\/2021\/09\/panometer-wittenberg6-768x504.jpg 768w, https:\/\/teuthorn.net\/feuilleton\/wp-content\/uploads\/2021\/09\/panometer-wittenberg6-1536x1007.jpg 1536w, https:\/\/teuthorn.net\/feuilleton\/wp-content\/uploads\/2021\/09\/panometer-wittenberg6-2048x1343.jpg 2048w, https:\/\/teuthorn.net\/feuilleton\/wp-content\/uploads\/2021\/09\/panometer-wittenberg6-229x150.jpg 229w\" sizes=\"(max-width: 1024px) 100vw, 1024px\" \/><\/a><\/figure><\/li><\/ul><\/figure>\n\n\n\n<h3 class=\"wp-block-heading\">Augustinum \/ Wirkungsfeld Luthers &#8218;ehelicher Hausfrauwe&#8216; Katharina von Bora<\/h3>\n\n\n\n<p class=\"wp-block-paragraph\">Nach Eisleben und Mansfeld bin ich endlich auch im Lutherhaus in Wittenberg. Nun habe ich sie <a href=\"https:\/\/www.martinluther.de\/\" target=\"_blank\" rel=\"noreferrer noopener\">alle gesehen<\/a>, die wichtigen St\u00e4tten der Reformation. Nat\u00fcrlich geh\u00f6ren Melanchthon und die Cranachs mit ihrer k\u00fcnstlerischen Kraft und wirtschaftlichen Macht dazu. Wenn ich Letzteres so bisher nicht wahrgenommen hatte, wird es mir beim Stadtrundgang nun vollends bewusst. Cranachs Immobilienbesitz war beachtlich.<\/p>\n\n\n\n<figure class=\"wp-block-gallery columns-4 is-cropped wp-block-gallery-2 is-layout-flex wp-block-gallery-is-layout-flex\"><ul class=\"blocks-gallery-grid\"><li class=\"blocks-gallery-item\"><figure><a href=\"http:\/\/teuthorn.net\/feuilleton\/wp-content\/uploads\/2021\/09\/Stadtrundgang2-scaled.jpg\"><img decoding=\"async\" width=\"1024\" height=\"725\" src=\"http:\/\/teuthorn.net\/feuilleton\/wp-content\/uploads\/2021\/09\/Stadtrundgang2-1024x725.jpg\" alt=\"\" data-id=\"10133\" data-full-url=\"http:\/\/teuthorn.net\/feuilleton\/wp-content\/uploads\/2021\/09\/Stadtrundgang2-scaled.jpg\" data-link=\"http:\/\/teuthorn.net\/feuilleton\/?attachment_id=10133\" class=\"wp-image-10133\" srcset=\"https:\/\/teuthorn.net\/feuilleton\/wp-content\/uploads\/2021\/09\/Stadtrundgang2-1024x725.jpg 1024w, https:\/\/teuthorn.net\/feuilleton\/wp-content\/uploads\/2021\/09\/Stadtrundgang2-400x283.jpg 400w, https:\/\/teuthorn.net\/feuilleton\/wp-content\/uploads\/2021\/09\/Stadtrundgang2-768x543.jpg 768w, https:\/\/teuthorn.net\/feuilleton\/wp-content\/uploads\/2021\/09\/Stadtrundgang2-1536x1087.jpg 1536w, https:\/\/teuthorn.net\/feuilleton\/wp-content\/uploads\/2021\/09\/Stadtrundgang2-2048x1449.jpg 2048w, https:\/\/teuthorn.net\/feuilleton\/wp-content\/uploads\/2021\/09\/Stadtrundgang2-212x150.jpg 212w\" sizes=\"(max-width: 1024px) 100vw, 1024px\" \/><\/a><figcaption class=\"blocks-gallery-item__caption\">Augustinum<\/figcaption><\/figure><\/li><li class=\"blocks-gallery-item\"><figure><a href=\"http:\/\/teuthorn.net\/feuilleton\/wp-content\/uploads\/2021\/09\/lutherhaus1-scaled.jpg\"><img decoding=\"async\" width=\"1024\" height=\"702\" src=\"http:\/\/teuthorn.net\/feuilleton\/wp-content\/uploads\/2021\/09\/lutherhaus1-1024x702.jpg\" alt=\"\" data-id=\"10122\" data-full-url=\"http:\/\/teuthorn.net\/feuilleton\/wp-content\/uploads\/2021\/09\/lutherhaus1-scaled.jpg\" data-link=\"http:\/\/teuthorn.net\/feuilleton\/?attachment_id=10122\" class=\"wp-image-10122\" srcset=\"https:\/\/teuthorn.net\/feuilleton\/wp-content\/uploads\/2021\/09\/lutherhaus1-1024x702.jpg 1024w, https:\/\/teuthorn.net\/feuilleton\/wp-content\/uploads\/2021\/09\/lutherhaus1-400x274.jpg 400w, https:\/\/teuthorn.net\/feuilleton\/wp-content\/uploads\/2021\/09\/lutherhaus1-768x526.jpg 768w, https:\/\/teuthorn.net\/feuilleton\/wp-content\/uploads\/2021\/09\/lutherhaus1-1536x1053.jpg 1536w, https:\/\/teuthorn.net\/feuilleton\/wp-content\/uploads\/2021\/09\/lutherhaus1-2048x1403.jpg 2048w, https:\/\/teuthorn.net\/feuilleton\/wp-content\/uploads\/2021\/09\/lutherhaus1-219x150.jpg 219w\" sizes=\"(max-width: 1024px) 100vw, 1024px\" \/><\/a><figcaption class=\"blocks-gallery-item__caption\">Portal<\/figcaption><\/figure><\/li><li class=\"blocks-gallery-item\"><figure><a href=\"http:\/\/teuthorn.net\/feuilleton\/wp-content\/uploads\/2021\/09\/lutherhaus-KatharinavonBora-scaled.jpg\"><img decoding=\"async\" width=\"751\" height=\"1024\" src=\"http:\/\/teuthorn.net\/feuilleton\/wp-content\/uploads\/2021\/09\/lutherhaus-KatharinavonBora-751x1024.jpg\" alt=\"\" data-id=\"10127\" data-full-url=\"http:\/\/teuthorn.net\/feuilleton\/wp-content\/uploads\/2021\/09\/lutherhaus-KatharinavonBora-scaled.jpg\" data-link=\"http:\/\/teuthorn.net\/feuilleton\/?attachment_id=10127\" class=\"wp-image-10127\" srcset=\"https:\/\/teuthorn.net\/feuilleton\/wp-content\/uploads\/2021\/09\/lutherhaus-KatharinavonBora-751x1024.jpg 751w, https:\/\/teuthorn.net\/feuilleton\/wp-content\/uploads\/2021\/09\/lutherhaus-KatharinavonBora-220x300.jpg 220w, https:\/\/teuthorn.net\/feuilleton\/wp-content\/uploads\/2021\/09\/lutherhaus-KatharinavonBora-768x1047.jpg 768w, https:\/\/teuthorn.net\/feuilleton\/wp-content\/uploads\/2021\/09\/lutherhaus-KatharinavonBora-1127x1536.jpg 1127w, https:\/\/teuthorn.net\/feuilleton\/wp-content\/uploads\/2021\/09\/lutherhaus-KatharinavonBora-1502x2048.jpg 1502w, https:\/\/teuthorn.net\/feuilleton\/wp-content\/uploads\/2021\/09\/lutherhaus-KatharinavonBora-110x150.jpg 110w, https:\/\/teuthorn.net\/feuilleton\/wp-content\/uploads\/2021\/09\/lutherhaus-KatharinavonBora-scaled.jpg 1878w\" sizes=\"(max-width: 751px) 100vw, 751px\" \/><\/a><figcaption class=\"blocks-gallery-item__caption\">Katharina von Bora<\/figcaption><\/figure><\/li><li class=\"blocks-gallery-item\"><figure><a href=\"http:\/\/teuthorn.net\/feuilleton\/wp-content\/uploads\/2021\/09\/lutherhaus-treppefassade-scaled.jpg\"><img decoding=\"async\" width=\"1024\" height=\"592\" src=\"http:\/\/teuthorn.net\/feuilleton\/wp-content\/uploads\/2021\/09\/lutherhaus-treppefassade-1024x592.jpg\" alt=\"\" data-id=\"10130\" data-full-url=\"http:\/\/teuthorn.net\/feuilleton\/wp-content\/uploads\/2021\/09\/lutherhaus-treppefassade-scaled.jpg\" data-link=\"http:\/\/teuthorn.net\/feuilleton\/?attachment_id=10130\" class=\"wp-image-10130\" srcset=\"https:\/\/teuthorn.net\/feuilleton\/wp-content\/uploads\/2021\/09\/lutherhaus-treppefassade-1024x592.jpg 1024w, https:\/\/teuthorn.net\/feuilleton\/wp-content\/uploads\/2021\/09\/lutherhaus-treppefassade-400x231.jpg 400w, https:\/\/teuthorn.net\/feuilleton\/wp-content\/uploads\/2021\/09\/lutherhaus-treppefassade-768x444.jpg 768w, https:\/\/teuthorn.net\/feuilleton\/wp-content\/uploads\/2021\/09\/lutherhaus-treppefassade-1536x888.jpg 1536w, https:\/\/teuthorn.net\/feuilleton\/wp-content\/uploads\/2021\/09\/lutherhaus-treppefassade-2048x1184.jpg 2048w, https:\/\/teuthorn.net\/feuilleton\/wp-content\/uploads\/2021\/09\/lutherhaus-treppefassade-259x150.jpg 259w\" sizes=\"(max-width: 1024px) 100vw, 1024px\" \/><\/a><figcaption class=\"blocks-gallery-item__caption\">Treppenhaus &amp; Fassade<\/figcaption><\/figure><\/li><li class=\"blocks-gallery-item\"><figure><a href=\"http:\/\/teuthorn.net\/feuilleton\/wp-content\/uploads\/2021\/09\/lutherhaus-brueckenblick-scaled.jpg\"><img decoding=\"async\" width=\"1024\" height=\"712\" src=\"http:\/\/teuthorn.net\/feuilleton\/wp-content\/uploads\/2021\/09\/lutherhaus-brueckenblick-1024x712.jpg\" alt=\"\" data-id=\"10123\" data-full-url=\"http:\/\/teuthorn.net\/feuilleton\/wp-content\/uploads\/2021\/09\/lutherhaus-brueckenblick-scaled.jpg\" data-link=\"http:\/\/teuthorn.net\/feuilleton\/?attachment_id=10123\" class=\"wp-image-10123\" srcset=\"https:\/\/teuthorn.net\/feuilleton\/wp-content\/uploads\/2021\/09\/lutherhaus-brueckenblick-1024x712.jpg 1024w, https:\/\/teuthorn.net\/feuilleton\/wp-content\/uploads\/2021\/09\/lutherhaus-brueckenblick-400x278.jpg 400w, https:\/\/teuthorn.net\/feuilleton\/wp-content\/uploads\/2021\/09\/lutherhaus-brueckenblick-768x534.jpg 768w, https:\/\/teuthorn.net\/feuilleton\/wp-content\/uploads\/2021\/09\/lutherhaus-brueckenblick-1536x1068.jpg 1536w, https:\/\/teuthorn.net\/feuilleton\/wp-content\/uploads\/2021\/09\/lutherhaus-brueckenblick-2048x1424.jpg 2048w, https:\/\/teuthorn.net\/feuilleton\/wp-content\/uploads\/2021\/09\/lutherhaus-brueckenblick-216x150.jpg 216w\" sizes=\"(max-width: 1024px) 100vw, 1024px\" \/><\/a><\/figure><\/li><li class=\"blocks-gallery-item\"><figure><a href=\"http:\/\/teuthorn.net\/feuilleton\/wp-content\/uploads\/2021\/09\/lutherhaus-oben-scaled.jpg\"><img decoding=\"async\" width=\"1024\" height=\"807\" src=\"http:\/\/teuthorn.net\/feuilleton\/wp-content\/uploads\/2021\/09\/lutherhaus-oben-1024x807.jpg\" alt=\"\" data-id=\"10129\" data-full-url=\"http:\/\/teuthorn.net\/feuilleton\/wp-content\/uploads\/2021\/09\/lutherhaus-oben-scaled.jpg\" data-link=\"http:\/\/teuthorn.net\/feuilleton\/?attachment_id=10129\" class=\"wp-image-10129\" srcset=\"https:\/\/teuthorn.net\/feuilleton\/wp-content\/uploads\/2021\/09\/lutherhaus-oben-1024x807.jpg 1024w, https:\/\/teuthorn.net\/feuilleton\/wp-content\/uploads\/2021\/09\/lutherhaus-oben-381x300.jpg 381w, https:\/\/teuthorn.net\/feuilleton\/wp-content\/uploads\/2021\/09\/lutherhaus-oben-768x605.jpg 768w, https:\/\/teuthorn.net\/feuilleton\/wp-content\/uploads\/2021\/09\/lutherhaus-oben-1536x1210.jpg 1536w, https:\/\/teuthorn.net\/feuilleton\/wp-content\/uploads\/2021\/09\/lutherhaus-oben-2048x1613.jpg 2048w, https:\/\/teuthorn.net\/feuilleton\/wp-content\/uploads\/2021\/09\/lutherhaus-oben-190x150.jpg 190w\" sizes=\"(max-width: 1024px) 100vw, 1024px\" \/><\/a><\/figure><\/li><li class=\"blocks-gallery-item\"><figure><a href=\"http:\/\/teuthorn.net\/feuilleton\/wp-content\/uploads\/2021\/09\/lutherhaus-bursentuer-scaled.jpg\"><img decoding=\"async\" width=\"761\" height=\"1024\" src=\"http:\/\/teuthorn.net\/feuilleton\/wp-content\/uploads\/2021\/09\/lutherhaus-bursentuer-761x1024.jpg\" alt=\"\" data-id=\"10124\" data-full-url=\"http:\/\/teuthorn.net\/feuilleton\/wp-content\/uploads\/2021\/09\/lutherhaus-bursentuer-scaled.jpg\" data-link=\"http:\/\/teuthorn.net\/feuilleton\/?attachment_id=10124\" class=\"wp-image-10124\" srcset=\"https:\/\/teuthorn.net\/feuilleton\/wp-content\/uploads\/2021\/09\/lutherhaus-bursentuer-761x1024.jpg 761w, https:\/\/teuthorn.net\/feuilleton\/wp-content\/uploads\/2021\/09\/lutherhaus-bursentuer-223x300.jpg 223w, https:\/\/teuthorn.net\/feuilleton\/wp-content\/uploads\/2021\/09\/lutherhaus-bursentuer-768x1033.jpg 768w, https:\/\/teuthorn.net\/feuilleton\/wp-content\/uploads\/2021\/09\/lutherhaus-bursentuer-1142x1536.jpg 1142w, https:\/\/teuthorn.net\/feuilleton\/wp-content\/uploads\/2021\/09\/lutherhaus-bursentuer-1522x2048.jpg 1522w, https:\/\/teuthorn.net\/feuilleton\/wp-content\/uploads\/2021\/09\/lutherhaus-bursentuer-111x150.jpg 111w, https:\/\/teuthorn.net\/feuilleton\/wp-content\/uploads\/2021\/09\/lutherhaus-bursentuer-scaled.jpg 1903w\" sizes=\"(max-width: 761px) 100vw, 761px\" \/><\/a><figcaption class=\"blocks-gallery-item__caption\">Bursenkammer<\/figcaption><\/figure><\/li><li class=\"blocks-gallery-item\"><figure><a href=\"http:\/\/teuthorn.net\/feuilleton\/wp-content\/uploads\/2021\/09\/lutherhaus-friedrichderweise-scaled.jpg\"><img decoding=\"async\" width=\"1024\" height=\"1012\" src=\"http:\/\/teuthorn.net\/feuilleton\/wp-content\/uploads\/2021\/09\/lutherhaus-friedrichderweise-1024x1012.jpg\" alt=\"\" data-id=\"10126\" data-full-url=\"http:\/\/teuthorn.net\/feuilleton\/wp-content\/uploads\/2021\/09\/lutherhaus-friedrichderweise-scaled.jpg\" data-link=\"http:\/\/teuthorn.net\/feuilleton\/?attachment_id=10126\" class=\"wp-image-10126\" srcset=\"https:\/\/teuthorn.net\/feuilleton\/wp-content\/uploads\/2021\/09\/lutherhaus-friedrichderweise-1024x1012.jpg 1024w, https:\/\/teuthorn.net\/feuilleton\/wp-content\/uploads\/2021\/09\/lutherhaus-friedrichderweise-304x300.jpg 304w, https:\/\/teuthorn.net\/feuilleton\/wp-content\/uploads\/2021\/09\/lutherhaus-friedrichderweise-768x759.jpg 768w, https:\/\/teuthorn.net\/feuilleton\/wp-content\/uploads\/2021\/09\/lutherhaus-friedrichderweise-1536x1518.jpg 1536w, https:\/\/teuthorn.net\/feuilleton\/wp-content\/uploads\/2021\/09\/lutherhaus-friedrichderweise-2048x2024.jpg 2048w, https:\/\/teuthorn.net\/feuilleton\/wp-content\/uploads\/2021\/09\/lutherhaus-friedrichderweise-152x150.jpg 152w\" sizes=\"(max-width: 1024px) 100vw, 1024px\" \/><\/a><figcaption class=\"blocks-gallery-item__caption\">Friedrich der Weise<\/figcaption><\/figure><\/li><li class=\"blocks-gallery-item\"><figure><a href=\"http:\/\/teuthorn.net\/feuilleton\/wp-content\/uploads\/2021\/09\/lutherhaus-Bueste-scaled.jpg\"><img decoding=\"async\" width=\"1024\" height=\"731\" src=\"http:\/\/teuthorn.net\/feuilleton\/wp-content\/uploads\/2021\/09\/lutherhaus-Bueste-1024x731.jpg\" alt=\"\" data-id=\"10125\" data-full-url=\"http:\/\/teuthorn.net\/feuilleton\/wp-content\/uploads\/2021\/09\/lutherhaus-Bueste-scaled.jpg\" data-link=\"http:\/\/teuthorn.net\/feuilleton\/?attachment_id=10125\" class=\"wp-image-10125\" srcset=\"https:\/\/teuthorn.net\/feuilleton\/wp-content\/uploads\/2021\/09\/lutherhaus-Bueste-1024x731.jpg 1024w, https:\/\/teuthorn.net\/feuilleton\/wp-content\/uploads\/2021\/09\/lutherhaus-Bueste-400x285.jpg 400w, https:\/\/teuthorn.net\/feuilleton\/wp-content\/uploads\/2021\/09\/lutherhaus-Bueste-768x548.jpg 768w, https:\/\/teuthorn.net\/feuilleton\/wp-content\/uploads\/2021\/09\/lutherhaus-Bueste-1536x1096.jpg 1536w, https:\/\/teuthorn.net\/feuilleton\/wp-content\/uploads\/2021\/09\/lutherhaus-Bueste-2048x1461.jpg 2048w, https:\/\/teuthorn.net\/feuilleton\/wp-content\/uploads\/2021\/09\/lutherhaus-Bueste-210x150.jpg 210w\" sizes=\"(max-width: 1024px) 100vw, 1024px\" \/><\/a><\/figure><\/li><li class=\"blocks-gallery-item\"><figure><a href=\"http:\/\/teuthorn.net\/feuilleton\/wp-content\/uploads\/2021\/09\/lutherhaus-lutherbueste-scaled.jpg\"><img decoding=\"async\" width=\"731\" height=\"1024\" src=\"http:\/\/teuthorn.net\/feuilleton\/wp-content\/uploads\/2021\/09\/lutherhaus-lutherbueste-731x1024.jpg\" alt=\"\" data-id=\"10128\" data-full-url=\"http:\/\/teuthorn.net\/feuilleton\/wp-content\/uploads\/2021\/09\/lutherhaus-lutherbueste-scaled.jpg\" data-link=\"http:\/\/teuthorn.net\/feuilleton\/?attachment_id=10128\" class=\"wp-image-10128\" srcset=\"https:\/\/teuthorn.net\/feuilleton\/wp-content\/uploads\/2021\/09\/lutherhaus-lutherbueste-731x1024.jpg 731w, https:\/\/teuthorn.net\/feuilleton\/wp-content\/uploads\/2021\/09\/lutherhaus-lutherbueste-214x300.jpg 214w, https:\/\/teuthorn.net\/feuilleton\/wp-content\/uploads\/2021\/09\/lutherhaus-lutherbueste-768x1075.jpg 768w, https:\/\/teuthorn.net\/feuilleton\/wp-content\/uploads\/2021\/09\/lutherhaus-lutherbueste-1097x1536.jpg 1097w, https:\/\/teuthorn.net\/feuilleton\/wp-content\/uploads\/2021\/09\/lutherhaus-lutherbueste-1463x2048.jpg 1463w, https:\/\/teuthorn.net\/feuilleton\/wp-content\/uploads\/2021\/09\/lutherhaus-lutherbueste-107x150.jpg 107w, https:\/\/teuthorn.net\/feuilleton\/wp-content\/uploads\/2021\/09\/lutherhaus-lutherbueste-scaled.jpg 1828w\" sizes=\"(max-width: 731px) 100vw, 731px\" \/><\/a><figcaption class=\"blocks-gallery-item__caption\">Lutherb\u00fcste (Marks)<\/figcaption><\/figure><\/li><li class=\"blocks-gallery-item\"><figure><a href=\"http:\/\/teuthorn.net\/feuilleton\/wp-content\/uploads\/2021\/09\/lutherhaus-treppe-scaled.jpg\"><img decoding=\"async\" width=\"761\" height=\"1024\" src=\"http:\/\/teuthorn.net\/feuilleton\/wp-content\/uploads\/2021\/09\/lutherhaus-treppe-761x1024.jpg\" alt=\"\" data-id=\"10131\" data-full-url=\"http:\/\/teuthorn.net\/feuilleton\/wp-content\/uploads\/2021\/09\/lutherhaus-treppe-scaled.jpg\" data-link=\"http:\/\/teuthorn.net\/feuilleton\/?attachment_id=10131\" class=\"wp-image-10131\" srcset=\"https:\/\/teuthorn.net\/feuilleton\/wp-content\/uploads\/2021\/09\/lutherhaus-treppe-761x1024.jpg 761w, https:\/\/teuthorn.net\/feuilleton\/wp-content\/uploads\/2021\/09\/lutherhaus-treppe-223x300.jpg 223w, https:\/\/teuthorn.net\/feuilleton\/wp-content\/uploads\/2021\/09\/lutherhaus-treppe-768x1033.jpg 768w, https:\/\/teuthorn.net\/feuilleton\/wp-content\/uploads\/2021\/09\/lutherhaus-treppe-1142x1536.jpg 1142w, https:\/\/teuthorn.net\/feuilleton\/wp-content\/uploads\/2021\/09\/lutherhaus-treppe-1522x2048.jpg 1522w, https:\/\/teuthorn.net\/feuilleton\/wp-content\/uploads\/2021\/09\/lutherhaus-treppe-111x150.jpg 111w, https:\/\/teuthorn.net\/feuilleton\/wp-content\/uploads\/2021\/09\/lutherhaus-treppe-scaled.jpg 1903w\" sizes=\"(max-width: 761px) 100vw, 761px\" \/><\/a><\/figure><\/li><\/ul><\/figure>\n\n\n\n<h3 class=\"wp-block-heading\">Wanderung durch die Stadt<\/h3>\n\n\n\n<p class=\"wp-block-paragraph\">Ein Bilderbogen \/ Mach Klick<\/p>\n\n\n\n<figure class=\"wp-block-image size-large\"><a href=\"http:\/\/teuthorn.net\/feuilleton\/wp-content\/uploads\/2021\/09\/stadt-scaled.jpg\" target=\"_blank\" rel=\"noopener noreferrer\"><img decoding=\"async\" width=\"1024\" height=\"724\" src=\"http:\/\/teuthorn.net\/feuilleton\/wp-content\/uploads\/2021\/09\/stadt-1024x724.jpg\" alt=\"\" class=\"wp-image-10137\" srcset=\"https:\/\/teuthorn.net\/feuilleton\/wp-content\/uploads\/2021\/09\/stadt-1024x724.jpg 1024w, https:\/\/teuthorn.net\/feuilleton\/wp-content\/uploads\/2021\/09\/stadt-400x283.jpg 400w, https:\/\/teuthorn.net\/feuilleton\/wp-content\/uploads\/2021\/09\/stadt-768x543.jpg 768w, https:\/\/teuthorn.net\/feuilleton\/wp-content\/uploads\/2021\/09\/stadt-1536x1086.jpg 1536w, https:\/\/teuthorn.net\/feuilleton\/wp-content\/uploads\/2021\/09\/stadt-2048x1448.jpg 2048w, https:\/\/teuthorn.net\/feuilleton\/wp-content\/uploads\/2021\/09\/stadt-212x150.jpg 212w\" sizes=\"(max-width: 1024px) 100vw, 1024px\" \/><\/a><\/figure>\n\n\n\n<figure class=\"wp-block-gallery columns-3 is-cropped wp-block-gallery-3 is-layout-flex wp-block-gallery-is-layout-flex\"><ul class=\"blocks-gallery-grid\"><li class=\"blocks-gallery-item\"><figure><a href=\"http:\/\/teuthorn.net\/feuilleton\/wp-content\/uploads\/2021\/09\/marienkirche-Markt-scaled.jpg\"><img decoding=\"async\" width=\"710\" height=\"1024\" src=\"http:\/\/teuthorn.net\/feuilleton\/wp-content\/uploads\/2021\/09\/marienkirche-Markt-710x1024.jpg\" alt=\"\" data-id=\"10135\" data-full-url=\"http:\/\/teuthorn.net\/feuilleton\/wp-content\/uploads\/2021\/09\/marienkirche-Markt-scaled.jpg\" data-link=\"http:\/\/teuthorn.net\/feuilleton\/?attachment_id=10135\" class=\"wp-image-10135\" srcset=\"https:\/\/teuthorn.net\/feuilleton\/wp-content\/uploads\/2021\/09\/marienkirche-Markt-710x1024.jpg 710w, https:\/\/teuthorn.net\/feuilleton\/wp-content\/uploads\/2021\/09\/marienkirche-Markt-208x300.jpg 208w, https:\/\/teuthorn.net\/feuilleton\/wp-content\/uploads\/2021\/09\/marienkirche-Markt-768x1108.jpg 768w, https:\/\/teuthorn.net\/feuilleton\/wp-content\/uploads\/2021\/09\/marienkirche-Markt-1065x1536.jpg 1065w, https:\/\/teuthorn.net\/feuilleton\/wp-content\/uploads\/2021\/09\/marienkirche-Markt-1420x2048.jpg 1420w, https:\/\/teuthorn.net\/feuilleton\/wp-content\/uploads\/2021\/09\/marienkirche-Markt-104x150.jpg 104w, https:\/\/teuthorn.net\/feuilleton\/wp-content\/uploads\/2021\/09\/marienkirche-Markt-scaled.jpg 1774w\" sizes=\"(max-width: 710px) 100vw, 710px\" \/><\/a><figcaption class=\"blocks-gallery-item__caption\">Stadtkirche Marien<\/figcaption><\/figure><\/li><li class=\"blocks-gallery-item\"><figure><a href=\"http:\/\/teuthorn.net\/feuilleton\/wp-content\/uploads\/2021\/09\/stadt6b-scaled.jpg\"><img decoding=\"async\" width=\"701\" height=\"1024\" src=\"http:\/\/teuthorn.net\/feuilleton\/wp-content\/uploads\/2021\/09\/stadt6b-701x1024.jpg\" alt=\"\" data-id=\"10144\" data-full-url=\"http:\/\/teuthorn.net\/feuilleton\/wp-content\/uploads\/2021\/09\/stadt6b-scaled.jpg\" data-link=\"http:\/\/teuthorn.net\/feuilleton\/?attachment_id=10144\" class=\"wp-image-10144\" srcset=\"https:\/\/teuthorn.net\/feuilleton\/wp-content\/uploads\/2021\/09\/stadt6b-701x1024.jpg 701w, https:\/\/teuthorn.net\/feuilleton\/wp-content\/uploads\/2021\/09\/stadt6b-206x300.jpg 206w, https:\/\/teuthorn.net\/feuilleton\/wp-content\/uploads\/2021\/09\/stadt6b-768x1121.jpg 768w, https:\/\/teuthorn.net\/feuilleton\/wp-content\/uploads\/2021\/09\/stadt6b-1052x1536.jpg 1052w, https:\/\/teuthorn.net\/feuilleton\/wp-content\/uploads\/2021\/09\/stadt6b-1403x2048.jpg 1403w, https:\/\/teuthorn.net\/feuilleton\/wp-content\/uploads\/2021\/09\/stadt6b-103x150.jpg 103w, https:\/\/teuthorn.net\/feuilleton\/wp-content\/uploads\/2021\/09\/stadt6b-scaled.jpg 1754w\" sizes=\"(max-width: 701px) 100vw, 701px\" \/><\/a><figcaption class=\"blocks-gallery-item__caption\">Schlosskirche<\/figcaption><\/figure><\/li><li class=\"blocks-gallery-item\"><figure><a href=\"http:\/\/teuthorn.net\/feuilleton\/wp-content\/uploads\/2021\/09\/stadtkirche2b-scaled.jpg\"><img decoding=\"async\" width=\"615\" height=\"1024\" src=\"http:\/\/teuthorn.net\/feuilleton\/wp-content\/uploads\/2021\/09\/stadtkirche2b-615x1024.jpg\" alt=\"\" data-id=\"10148\" data-full-url=\"http:\/\/teuthorn.net\/feuilleton\/wp-content\/uploads\/2021\/09\/stadtkirche2b-scaled.jpg\" data-link=\"http:\/\/teuthorn.net\/feuilleton\/?attachment_id=10148\" class=\"wp-image-10148\" srcset=\"https:\/\/teuthorn.net\/feuilleton\/wp-content\/uploads\/2021\/09\/stadtkirche2b-615x1024.jpg 615w, https:\/\/teuthorn.net\/feuilleton\/wp-content\/uploads\/2021\/09\/stadtkirche2b-180x300.jpg 180w, https:\/\/teuthorn.net\/feuilleton\/wp-content\/uploads\/2021\/09\/stadtkirche2b-768x1278.jpg 768w, https:\/\/teuthorn.net\/feuilleton\/wp-content\/uploads\/2021\/09\/stadtkirche2b-923x1536.jpg 923w, https:\/\/teuthorn.net\/feuilleton\/wp-content\/uploads\/2021\/09\/stadtkirche2b-1231x2048.jpg 1231w, https:\/\/teuthorn.net\/feuilleton\/wp-content\/uploads\/2021\/09\/stadtkirche2b-90x150.jpg 90w, https:\/\/teuthorn.net\/feuilleton\/wp-content\/uploads\/2021\/09\/stadtkirche2b-scaled.jpg 1539w\" sizes=\"(max-width: 615px) 100vw, 615px\" \/><\/a><\/figure><\/li><li class=\"blocks-gallery-item\"><figure><a href=\"http:\/\/teuthorn.net\/feuilleton\/wp-content\/uploads\/2021\/09\/stadt2-scaled.jpg\"><img decoding=\"async\" width=\"1024\" height=\"731\" src=\"http:\/\/teuthorn.net\/feuilleton\/wp-content\/uploads\/2021\/09\/stadt2-1024x731.jpg\" alt=\"\" data-id=\"10138\" data-full-url=\"http:\/\/teuthorn.net\/feuilleton\/wp-content\/uploads\/2021\/09\/stadt2-scaled.jpg\" data-link=\"http:\/\/teuthorn.net\/feuilleton\/?attachment_id=10138\" class=\"wp-image-10138\" srcset=\"https:\/\/teuthorn.net\/feuilleton\/wp-content\/uploads\/2021\/09\/stadt2-1024x731.jpg 1024w, https:\/\/teuthorn.net\/feuilleton\/wp-content\/uploads\/2021\/09\/stadt2-400x286.jpg 400w, https:\/\/teuthorn.net\/feuilleton\/wp-content\/uploads\/2021\/09\/stadt2-768x548.jpg 768w, https:\/\/teuthorn.net\/feuilleton\/wp-content\/uploads\/2021\/09\/stadt2-1536x1097.jpg 1536w, https:\/\/teuthorn.net\/feuilleton\/wp-content\/uploads\/2021\/09\/stadt2-2048x1462.jpg 2048w, https:\/\/teuthorn.net\/feuilleton\/wp-content\/uploads\/2021\/09\/stadt2-210x150.jpg 210w\" sizes=\"(max-width: 1024px) 100vw, 1024px\" \/><\/a><\/figure><\/li><li class=\"blocks-gallery-item\"><figure><a href=\"http:\/\/teuthorn.net\/feuilleton\/wp-content\/uploads\/2021\/09\/rathaus-scaled.jpg\"><img decoding=\"async\" width=\"1024\" height=\"657\" src=\"http:\/\/teuthorn.net\/feuilleton\/wp-content\/uploads\/2021\/09\/rathaus-1024x657.jpg\" alt=\"\" data-id=\"10136\" data-full-url=\"http:\/\/teuthorn.net\/feuilleton\/wp-content\/uploads\/2021\/09\/rathaus-scaled.jpg\" data-link=\"http:\/\/teuthorn.net\/feuilleton\/?attachment_id=10136\" class=\"wp-image-10136\" srcset=\"https:\/\/teuthorn.net\/feuilleton\/wp-content\/uploads\/2021\/09\/rathaus-1024x657.jpg 1024w, https:\/\/teuthorn.net\/feuilleton\/wp-content\/uploads\/2021\/09\/rathaus-400x257.jpg 400w, https:\/\/teuthorn.net\/feuilleton\/wp-content\/uploads\/2021\/09\/rathaus-768x493.jpg 768w, https:\/\/teuthorn.net\/feuilleton\/wp-content\/uploads\/2021\/09\/rathaus-1536x986.jpg 1536w, https:\/\/teuthorn.net\/feuilleton\/wp-content\/uploads\/2021\/09\/rathaus-2048x1314.jpg 2048w, https:\/\/teuthorn.net\/feuilleton\/wp-content\/uploads\/2021\/09\/rathaus-234x150.jpg 234w\" sizes=\"(max-width: 1024px) 100vw, 1024px\" \/><\/a><figcaption class=\"blocks-gallery-item__caption\">Rathaus \/ Markt<\/figcaption><\/figure><\/li><li class=\"blocks-gallery-item\"><figure><a href=\"http:\/\/teuthorn.net\/feuilleton\/wp-content\/uploads\/2021\/09\/stadt3_Cranachhof2-scaled.jpg\"><img decoding=\"async\" width=\"1024\" height=\"683\" src=\"http:\/\/teuthorn.net\/feuilleton\/wp-content\/uploads\/2021\/09\/stadt3_Cranachhof2-1024x683.jpg\" alt=\"\" data-id=\"10140\" data-full-url=\"http:\/\/teuthorn.net\/feuilleton\/wp-content\/uploads\/2021\/09\/stadt3_Cranachhof2-scaled.jpg\" data-link=\"http:\/\/teuthorn.net\/feuilleton\/?attachment_id=10140\" class=\"wp-image-10140\" srcset=\"https:\/\/teuthorn.net\/feuilleton\/wp-content\/uploads\/2021\/09\/stadt3_Cranachhof2-1024x683.jpg 1024w, https:\/\/teuthorn.net\/feuilleton\/wp-content\/uploads\/2021\/09\/stadt3_Cranachhof2-400x267.jpg 400w, https:\/\/teuthorn.net\/feuilleton\/wp-content\/uploads\/2021\/09\/stadt3_Cranachhof2-768x512.jpg 768w, https:\/\/teuthorn.net\/feuilleton\/wp-content\/uploads\/2021\/09\/stadt3_Cranachhof2-1536x1024.jpg 1536w, https:\/\/teuthorn.net\/feuilleton\/wp-content\/uploads\/2021\/09\/stadt3_Cranachhof2-2048x1365.jpg 2048w, https:\/\/teuthorn.net\/feuilleton\/wp-content\/uploads\/2021\/09\/stadt3_Cranachhof2-225x150.jpg 225w\" sizes=\"(max-width: 1024px) 100vw, 1024px\" \/><\/a><figcaption class=\"blocks-gallery-item__caption\">Cranach-Hof<\/figcaption><\/figure><\/li><li class=\"blocks-gallery-item\"><figure><a href=\"http:\/\/teuthorn.net\/feuilleton\/wp-content\/uploads\/2021\/09\/stadt4-markt-scaled.jpg\"><img decoding=\"async\" width=\"1024\" height=\"689\" src=\"http:\/\/teuthorn.net\/feuilleton\/wp-content\/uploads\/2021\/09\/stadt4-markt-1024x689.jpg\" alt=\"\" data-id=\"10142\" data-full-url=\"http:\/\/teuthorn.net\/feuilleton\/wp-content\/uploads\/2021\/09\/stadt4-markt-scaled.jpg\" data-link=\"http:\/\/teuthorn.net\/feuilleton\/?attachment_id=10142\" class=\"wp-image-10142\" srcset=\"https:\/\/teuthorn.net\/feuilleton\/wp-content\/uploads\/2021\/09\/stadt4-markt-1024x689.jpg 1024w, https:\/\/teuthorn.net\/feuilleton\/wp-content\/uploads\/2021\/09\/stadt4-markt-400x269.jpg 400w, https:\/\/teuthorn.net\/feuilleton\/wp-content\/uploads\/2021\/09\/stadt4-markt-768x517.jpg 768w, https:\/\/teuthorn.net\/feuilleton\/wp-content\/uploads\/2021\/09\/stadt4-markt-1536x1034.jpg 1536w, https:\/\/teuthorn.net\/feuilleton\/wp-content\/uploads\/2021\/09\/stadt4-markt-2048x1378.jpg 2048w, https:\/\/teuthorn.net\/feuilleton\/wp-content\/uploads\/2021\/09\/stadt4-markt-223x150.jpg 223w\" sizes=\"(max-width: 1024px) 100vw, 1024px\" \/><\/a><\/figure><\/li><li class=\"blocks-gallery-item\"><figure><a href=\"http:\/\/teuthorn.net\/feuilleton\/wp-content\/uploads\/2021\/09\/stadt5-Cranach-Aotheke-scaled.jpg\"><img decoding=\"async\" width=\"1024\" height=\"676\" src=\"http:\/\/teuthorn.net\/feuilleton\/wp-content\/uploads\/2021\/09\/stadt5-Cranach-Aotheke-1024x676.jpg\" alt=\"\" data-id=\"10143\" data-full-url=\"http:\/\/teuthorn.net\/feuilleton\/wp-content\/uploads\/2021\/09\/stadt5-Cranach-Aotheke-scaled.jpg\" data-link=\"http:\/\/teuthorn.net\/feuilleton\/?attachment_id=10143\" class=\"wp-image-10143\" srcset=\"https:\/\/teuthorn.net\/feuilleton\/wp-content\/uploads\/2021\/09\/stadt5-Cranach-Aotheke-1024x676.jpg 1024w, https:\/\/teuthorn.net\/feuilleton\/wp-content\/uploads\/2021\/09\/stadt5-Cranach-Aotheke-400x264.jpg 400w, https:\/\/teuthorn.net\/feuilleton\/wp-content\/uploads\/2021\/09\/stadt5-Cranach-Aotheke-768x507.jpg 768w, https:\/\/teuthorn.net\/feuilleton\/wp-content\/uploads\/2021\/09\/stadt5-Cranach-Aotheke-1536x1014.jpg 1536w, https:\/\/teuthorn.net\/feuilleton\/wp-content\/uploads\/2021\/09\/stadt5-Cranach-Aotheke-2048x1352.jpg 2048w, https:\/\/teuthorn.net\/feuilleton\/wp-content\/uploads\/2021\/09\/stadt5-Cranach-Aotheke-227x150.jpg 227w\" sizes=\"(max-width: 1024px) 100vw, 1024px\" \/><\/a><\/figure><\/li><li class=\"blocks-gallery-item\"><figure><a href=\"http:\/\/teuthorn.net\/feuilleton\/wp-content\/uploads\/2021\/09\/stadt3_Cranachhof-malsaal-scaled.jpg\"><img decoding=\"async\" width=\"683\" height=\"1024\" src=\"http:\/\/teuthorn.net\/feuilleton\/wp-content\/uploads\/2021\/09\/stadt3_Cranachhof-malsaal-683x1024.jpg\" alt=\"\" data-id=\"10141\" data-full-url=\"http:\/\/teuthorn.net\/feuilleton\/wp-content\/uploads\/2021\/09\/stadt3_Cranachhof-malsaal-scaled.jpg\" data-link=\"http:\/\/teuthorn.net\/feuilleton\/?attachment_id=10141\" class=\"wp-image-10141\" srcset=\"https:\/\/teuthorn.net\/feuilleton\/wp-content\/uploads\/2021\/09\/stadt3_Cranachhof-malsaal-683x1024.jpg 683w, https:\/\/teuthorn.net\/feuilleton\/wp-content\/uploads\/2021\/09\/stadt3_Cranachhof-malsaal-200x300.jpg 200w, https:\/\/teuthorn.net\/feuilleton\/wp-content\/uploads\/2021\/09\/stadt3_Cranachhof-malsaal-768x1152.jpg 768w, https:\/\/teuthorn.net\/feuilleton\/wp-content\/uploads\/2021\/09\/stadt3_Cranachhof-malsaal-1024x1536.jpg 1024w, https:\/\/teuthorn.net\/feuilleton\/wp-content\/uploads\/2021\/09\/stadt3_Cranachhof-malsaal-1365x2048.jpg 1365w, https:\/\/teuthorn.net\/feuilleton\/wp-content\/uploads\/2021\/09\/stadt3_Cranachhof-malsaal-100x150.jpg 100w, https:\/\/teuthorn.net\/feuilleton\/wp-content\/uploads\/2021\/09\/stadt3_Cranachhof-malsaal-scaled.jpg 1707w\" sizes=\"(max-width: 683px) 100vw, 683px\" \/><\/a><\/figure><\/li><li class=\"blocks-gallery-item\"><figure><a href=\"http:\/\/teuthorn.net\/feuilleton\/wp-content\/uploads\/2021\/09\/stadt3_Cranachhof-scaled.jpg\"><img decoding=\"async\" width=\"610\" height=\"1024\" src=\"http:\/\/teuthorn.net\/feuilleton\/wp-content\/uploads\/2021\/09\/stadt3_Cranachhof-610x1024.jpg\" alt=\"\" data-id=\"10139\" data-full-url=\"http:\/\/teuthorn.net\/feuilleton\/wp-content\/uploads\/2021\/09\/stadt3_Cranachhof-scaled.jpg\" data-link=\"http:\/\/teuthorn.net\/feuilleton\/?attachment_id=10139\" class=\"wp-image-10139\" srcset=\"https:\/\/teuthorn.net\/feuilleton\/wp-content\/uploads\/2021\/09\/stadt3_Cranachhof-610x1024.jpg 610w, https:\/\/teuthorn.net\/feuilleton\/wp-content\/uploads\/2021\/09\/stadt3_Cranachhof-179x300.jpg 179w, https:\/\/teuthorn.net\/feuilleton\/wp-content\/uploads\/2021\/09\/stadt3_Cranachhof-768x1290.jpg 768w, https:\/\/teuthorn.net\/feuilleton\/wp-content\/uploads\/2021\/09\/stadt3_Cranachhof-915x1536.jpg 915w, https:\/\/teuthorn.net\/feuilleton\/wp-content\/uploads\/2021\/09\/stadt3_Cranachhof-1220x2048.jpg 1220w, https:\/\/teuthorn.net\/feuilleton\/wp-content\/uploads\/2021\/09\/stadt3_Cranachhof-89x150.jpg 89w, https:\/\/teuthorn.net\/feuilleton\/wp-content\/uploads\/2021\/09\/stadt3_Cranachhof-scaled.jpg 1525w\" sizes=\"(max-width: 610px) 100vw, 610px\" \/><\/a><figcaption class=\"blocks-gallery-item__caption\">Durchgang Cranach-Hof<\/figcaption><\/figure><\/li><li class=\"blocks-gallery-item\"><figure><a href=\"http:\/\/teuthorn.net\/feuilleton\/wp-content\/uploads\/2021\/09\/brauhaushof-scaled.jpg\"><img decoding=\"async\" width=\"683\" height=\"1024\" src=\"http:\/\/teuthorn.net\/feuilleton\/wp-content\/uploads\/2021\/09\/brauhaushof-683x1024.jpg\" alt=\"\" data-id=\"10134\" data-full-url=\"http:\/\/teuthorn.net\/feuilleton\/wp-content\/uploads\/2021\/09\/brauhaushof-scaled.jpg\" data-link=\"http:\/\/teuthorn.net\/feuilleton\/?attachment_id=10134\" class=\"wp-image-10134\" srcset=\"https:\/\/teuthorn.net\/feuilleton\/wp-content\/uploads\/2021\/09\/brauhaushof-683x1024.jpg 683w, https:\/\/teuthorn.net\/feuilleton\/wp-content\/uploads\/2021\/09\/brauhaushof-200x300.jpg 200w, https:\/\/teuthorn.net\/feuilleton\/wp-content\/uploads\/2021\/09\/brauhaushof-768x1152.jpg 768w, https:\/\/teuthorn.net\/feuilleton\/wp-content\/uploads\/2021\/09\/brauhaushof-1024x1536.jpg 1024w, https:\/\/teuthorn.net\/feuilleton\/wp-content\/uploads\/2021\/09\/brauhaushof-1365x2048.jpg 1365w, https:\/\/teuthorn.net\/feuilleton\/wp-content\/uploads\/2021\/09\/brauhaushof-100x150.jpg 100w, https:\/\/teuthorn.net\/feuilleton\/wp-content\/uploads\/2021\/09\/brauhaushof-scaled.jpg 1707w\" sizes=\"(max-width: 683px) 100vw, 683px\" \/><\/a><figcaption class=\"blocks-gallery-item__caption\">Brauhaus-Hof<\/figcaption><\/figure><\/li><li class=\"blocks-gallery-item\"><figure><a href=\"http:\/\/teuthorn.net\/feuilleton\/wp-content\/uploads\/2021\/09\/stadt7-scaled.jpg\"><img decoding=\"async\" width=\"683\" height=\"1024\" src=\"http:\/\/teuthorn.net\/feuilleton\/wp-content\/uploads\/2021\/09\/stadt7-683x1024.jpg\" alt=\"\" data-id=\"10145\" data-full-url=\"http:\/\/teuthorn.net\/feuilleton\/wp-content\/uploads\/2021\/09\/stadt7-scaled.jpg\" data-link=\"http:\/\/teuthorn.net\/feuilleton\/?attachment_id=10145\" class=\"wp-image-10145\" srcset=\"https:\/\/teuthorn.net\/feuilleton\/wp-content\/uploads\/2021\/09\/stadt7-683x1024.jpg 683w, https:\/\/teuthorn.net\/feuilleton\/wp-content\/uploads\/2021\/09\/stadt7-200x300.jpg 200w, https:\/\/teuthorn.net\/feuilleton\/wp-content\/uploads\/2021\/09\/stadt7-768x1152.jpg 768w, https:\/\/teuthorn.net\/feuilleton\/wp-content\/uploads\/2021\/09\/stadt7-1024x1536.jpg 1024w, https:\/\/teuthorn.net\/feuilleton\/wp-content\/uploads\/2021\/09\/stadt7-1365x2048.jpg 1365w, https:\/\/teuthorn.net\/feuilleton\/wp-content\/uploads\/2021\/09\/stadt7-100x150.jpg 100w, https:\/\/teuthorn.net\/feuilleton\/wp-content\/uploads\/2021\/09\/stadt7-scaled.jpg 1707w\" sizes=\"(max-width: 683px) 100vw, 683px\" \/><\/a><\/figure><\/li><li class=\"blocks-gallery-item\"><figure><a href=\"http:\/\/teuthorn.net\/feuilleton\/wp-content\/uploads\/2021\/09\/Stadtrundgang5-scaled.jpg\"><img decoding=\"async\" width=\"1024\" height=\"715\" src=\"http:\/\/teuthorn.net\/feuilleton\/wp-content\/uploads\/2021\/09\/Stadtrundgang5-1024x715.jpg\" alt=\"\" data-id=\"10150\" data-full-url=\"http:\/\/teuthorn.net\/feuilleton\/wp-content\/uploads\/2021\/09\/Stadtrundgang5-scaled.jpg\" data-link=\"http:\/\/teuthorn.net\/feuilleton\/?attachment_id=10150\" class=\"wp-image-10150\" srcset=\"https:\/\/teuthorn.net\/feuilleton\/wp-content\/uploads\/2021\/09\/Stadtrundgang5-1024x715.jpg 1024w, https:\/\/teuthorn.net\/feuilleton\/wp-content\/uploads\/2021\/09\/Stadtrundgang5-400x279.jpg 400w, https:\/\/teuthorn.net\/feuilleton\/wp-content\/uploads\/2021\/09\/Stadtrundgang5-768x536.jpg 768w, https:\/\/teuthorn.net\/feuilleton\/wp-content\/uploads\/2021\/09\/Stadtrundgang5-1536x1073.jpg 1536w, https:\/\/teuthorn.net\/feuilleton\/wp-content\/uploads\/2021\/09\/Stadtrundgang5-2048x1431.jpg 2048w, https:\/\/teuthorn.net\/feuilleton\/wp-content\/uploads\/2021\/09\/Stadtrundgang5-215x150.jpg 215w\" sizes=\"(max-width: 1024px) 100vw, 1024px\" \/><\/a><figcaption class=\"blocks-gallery-item__caption\">Gaststube Brauhaus<\/figcaption><\/figure><\/li><li class=\"blocks-gallery-item\"><figure><a href=\"http:\/\/teuthorn.net\/feuilleton\/wp-content\/uploads\/2021\/09\/Stadtrundgang6.jpg\"><img decoding=\"async\" width=\"1024\" height=\"597\" src=\"http:\/\/teuthorn.net\/feuilleton\/wp-content\/uploads\/2021\/09\/Stadtrundgang6-1024x597.jpg\" alt=\"\" data-id=\"10151\" data-full-url=\"http:\/\/teuthorn.net\/feuilleton\/wp-content\/uploads\/2021\/09\/Stadtrundgang6.jpg\" data-link=\"http:\/\/teuthorn.net\/feuilleton\/?attachment_id=10151\" class=\"wp-image-10151\" srcset=\"https:\/\/teuthorn.net\/feuilleton\/wp-content\/uploads\/2021\/09\/Stadtrundgang6-1024x597.jpg 1024w, https:\/\/teuthorn.net\/feuilleton\/wp-content\/uploads\/2021\/09\/Stadtrundgang6-400x233.jpg 400w, https:\/\/teuthorn.net\/feuilleton\/wp-content\/uploads\/2021\/09\/Stadtrundgang6-768x448.jpg 768w, https:\/\/teuthorn.net\/feuilleton\/wp-content\/uploads\/2021\/09\/Stadtrundgang6-257x150.jpg 257w, https:\/\/teuthorn.net\/feuilleton\/wp-content\/uploads\/2021\/09\/Stadtrundgang6.jpg 1348w\" sizes=\"(max-width: 1024px) 100vw, 1024px\" \/><\/a><figcaption class=\"blocks-gallery-item__caption\">Schlosshof<\/figcaption><\/figure><\/li><li class=\"blocks-gallery-item\"><figure><a href=\"http:\/\/teuthorn.net\/feuilleton\/wp-content\/uploads\/2021\/09\/Stadtrundgang8b-scaled.jpg\"><img decoding=\"async\" width=\"768\" height=\"1024\" src=\"http:\/\/teuthorn.net\/feuilleton\/wp-content\/uploads\/2021\/09\/Stadtrundgang8b-768x1024.jpg\" alt=\"\" data-id=\"10152\" data-full-url=\"http:\/\/teuthorn.net\/feuilleton\/wp-content\/uploads\/2021\/09\/Stadtrundgang8b-scaled.jpg\" data-link=\"http:\/\/teuthorn.net\/feuilleton\/?attachment_id=10152\" class=\"wp-image-10152\" srcset=\"https:\/\/teuthorn.net\/feuilleton\/wp-content\/uploads\/2021\/09\/Stadtrundgang8b-768x1024.jpg 768w, https:\/\/teuthorn.net\/feuilleton\/wp-content\/uploads\/2021\/09\/Stadtrundgang8b-225x300.jpg 225w, https:\/\/teuthorn.net\/feuilleton\/wp-content\/uploads\/2021\/09\/Stadtrundgang8b-1152x1536.jpg 1152w, https:\/\/teuthorn.net\/feuilleton\/wp-content\/uploads\/2021\/09\/Stadtrundgang8b-1536x2048.jpg 1536w, https:\/\/teuthorn.net\/feuilleton\/wp-content\/uploads\/2021\/09\/Stadtrundgang8b-113x150.jpg 113w, https:\/\/teuthorn.net\/feuilleton\/wp-content\/uploads\/2021\/09\/Stadtrundgang8b-scaled.jpg 1920w\" sizes=\"(max-width: 768px) 100vw, 768px\" \/><\/a><figcaption class=\"blocks-gallery-item__caption\">Street Art<\/figcaption><\/figure><\/li><li class=\"blocks-gallery-item\"><figure><a href=\"http:\/\/teuthorn.net\/feuilleton\/wp-content\/uploads\/2021\/09\/stadtkunstb-scaled.jpg\"><img decoding=\"async\" width=\"1024\" height=\"662\" src=\"http:\/\/teuthorn.net\/feuilleton\/wp-content\/uploads\/2021\/09\/stadtkunstb-1024x662.jpg\" alt=\"\" data-id=\"10149\" data-full-url=\"http:\/\/teuthorn.net\/feuilleton\/wp-content\/uploads\/2021\/09\/stadtkunstb-scaled.jpg\" data-link=\"http:\/\/teuthorn.net\/feuilleton\/?attachment_id=10149\" class=\"wp-image-10149\" srcset=\"https:\/\/teuthorn.net\/feuilleton\/wp-content\/uploads\/2021\/09\/stadtkunstb-1024x662.jpg 1024w, https:\/\/teuthorn.net\/feuilleton\/wp-content\/uploads\/2021\/09\/stadtkunstb-400x259.jpg 400w, https:\/\/teuthorn.net\/feuilleton\/wp-content\/uploads\/2021\/09\/stadtkunstb-768x497.jpg 768w, https:\/\/teuthorn.net\/feuilleton\/wp-content\/uploads\/2021\/09\/stadtkunstb-1536x993.jpg 1536w, https:\/\/teuthorn.net\/feuilleton\/wp-content\/uploads\/2021\/09\/stadtkunstb-2048x1324.jpg 2048w, https:\/\/teuthorn.net\/feuilleton\/wp-content\/uploads\/2021\/09\/stadtkunstb-232x150.jpg 232w\" sizes=\"(max-width: 1024px) 100vw, 1024px\" \/><\/a><figcaption class=\"blocks-gallery-item__caption\">Fassadenkunst<\/figcaption><\/figure><\/li><\/ul><\/figure>\n\n\n","protected":false},"excerpt":{"rendered":"<p>Viele Orte wurden nur deshalb Reiseziel, weil ich meinem genealogischen Kompass folgte. Diesmal war die Jahrestagung der AMF der Anlass. Die Altstadt von Wittenberg ist \u00fcbersichtlich, gepflegt und aufger\u00e4umt. Das <a class=\"more-link\" href=\"https:\/\/teuthorn.net\/feuilleton\/?p=10103\">Lesen Sie weiter &#8230;<\/a><\/p>\n","protected":false},"author":1,"featured_media":10133,"comment_status":"closed","ping_status":"open","sticky":false,"template":"","format":"standard","meta":{"_crdt_document":"","footnotes":""},"categories":[14,17],"tags":[642,645,243,641,643,644],"class_list":["post-10103","post","type-post","status-publish","format-standard","has-post-thumbnail","hentry","category-ortregion","category-reisen","tag-augustinum","tag-fassadenkunst","tag-luther","tag-lutherstadt-wittenberg","tag-panometer","tag-stadtarchitektur"],"_links":{"self":[{"href":"https:\/\/teuthorn.net\/feuilleton\/index.php?rest_route=\/wp\/v2\/posts\/10103","targetHints":{"allow":["GET"]}}],"collection":[{"href":"https:\/\/teuthorn.net\/feuilleton\/index.php?rest_route=\/wp\/v2\/posts"}],"about":[{"href":"https:\/\/teuthorn.net\/feuilleton\/index.php?rest_route=\/wp\/v2\/types\/post"}],"author":[{"embeddable":true,"href":"https:\/\/teuthorn.net\/feuilleton\/index.php?rest_route=\/wp\/v2\/users\/1"}],"replies":[{"embeddable":true,"href":"https:\/\/teuthorn.net\/feuilleton\/index.php?rest_route=%2Fwp%2Fv2%2Fcomments&post=10103"}],"version-history":[{"count":19,"href":"https:\/\/teuthorn.net\/feuilleton\/index.php?rest_route=\/wp\/v2\/posts\/10103\/revisions"}],"predecessor-version":[{"id":10169,"href":"https:\/\/teuthorn.net\/feuilleton\/index.php?rest_route=\/wp\/v2\/posts\/10103\/revisions\/10169"}],"wp:featuredmedia":[{"embeddable":true,"href":"https:\/\/teuthorn.net\/feuilleton\/index.php?rest_route=\/wp\/v2\/media\/10133"}],"wp:attachment":[{"href":"https:\/\/teuthorn.net\/feuilleton\/index.php?rest_route=%2Fwp%2Fv2%2Fmedia&parent=10103"}],"wp:term":[{"taxonomy":"category","embeddable":true,"href":"https:\/\/teuthorn.net\/feuilleton\/index.php?rest_route=%2Fwp%2Fv2%2Fcategories&post=10103"},{"taxonomy":"post_tag","embeddable":true,"href":"https:\/\/teuthorn.net\/feuilleton\/index.php?rest_route=%2Fwp%2Fv2%2Ftags&post=10103"}],"curies":[{"name":"wp","href":"https:\/\/api.w.org\/{rel}","templated":true}]}}