{"id":1182,"date":"2010-06-03T05:48:42","date_gmt":"2010-06-03T16:18:42","guid":{"rendered":"http:\/\/teuthorn.net\/feuilleton\/?p=1182"},"modified":"2010-06-03T05:48:42","modified_gmt":"2010-06-03T16:18:42","slug":"studentische-initiationsriten-halsgerichtsbarkeit","status":"publish","type":"post","link":"https:\/\/teuthorn.net\/feuilleton\/?p=1182","title":{"rendered":"Studentische Initiationsriten &amp; Halsgerichtsbarkeit"},"content":{"rendered":"<p>Das Portal <strong><span style=\"color: #993300;\">MATEO<\/span><\/strong> (= MAnnheimer TExte Online) publiziert   wissenschaftliche Arbeiten und Prim\u00e4rquellen im World Wide Web.\u00a0 Unter dem Profil <strong><span style=\"color: #993300;\">MARABU<\/span><\/strong> geht es um digitale Reprints alter Drucke der Fr\u00fchen Neuzeit. U.a. fand ich:<\/p>\n<blockquote><p><a href=\"http:\/\/www.uni-mannheim.de\/mateo\/desbillons\/depo.html\">Orationes duae, De ritu et modo depositionis beanorum.<\/a> &#8211; Stra\u00dfburg: Dolhopff, 1680. 56 S., 18 Kupfertaf., 15 x 8 cm. &#8211; Das kleine B\u00fcchlein, dessen dritter, deutschsprachiger Teil hier  reproduziert ist, bringt zuerst die  bereits 1569 von Magister Johann Dinkel in Erfurt gehaltene lateinische  &#8222;Rede \u00fcber Ursprung,  Gr\u00fcnde, Vorbild und Zeremonien des Ritus, der in den (hohen) Schulen  allgemein Deposition  genannt wird&#8220;.<\/p><\/blockquote>\n<p>In dem einleitenden Text, der das B\u00fcchlein vorstellt, wird allerdings nicht darauf hingewiesen, das die dargestellte Form der Initiation, die der neue Student \u00fcber sich ergehen lassen musste, nur eine von vielen Formen ist, also von Uni zu Uni in verschiedener Form ausgef\u00fchrt werden konnte, und wohl auch auf der Zeitschiene unterschiedliche Auspr\u00e4gungen hatte.\u00a0 [ So war es auch \u00fcblich die Neuen mit Schuhwichse u.a.\u00a0 zu verschmutzen, sie in ein dunkles unsauberes Gewand zu h\u00fcllen, und dann nach einem Reinigungsprozess das derbe Procedere in einem sauberen wei\u00dfen Gewand enden zu lassen.]<br \/>\nDas kleine B\u00fcchlein bringt neben Johann Dinkels Rede, die dieser weithin aus dem umfassenderen Werk  Middendorps &#8222;De  celebrioribus universi terrarum orbis Academiis&#8220; (K\u00f6ln 1567)  abgeschrieben haben soll, auch Kupferstiche.<br \/>\nDer folgende Holschnitt stammt aus einem weiteren alten Buch, der<br \/>\n<figure id=\"attachment_1183\" aria-describedby=\"caption-attachment-1183\" style=\"width: 340px\" class=\"wp-caption alignnone\"><a href=\"http:\/\/teuthorn.net\/feuilleton\/wp-content\/uploads\/2010\/06\/strafbuch.jpg\"><img decoding=\"async\" class=\"size-medium wp-image-1183\" title=\"strafbuch\" src=\"http:\/\/teuthorn.net\/feuilleton\/wp-content\/uploads\/2010\/06\/strafbuch-340x350.jpg\" alt=\"Angeklagter wird von Gerichtsknechten dem Richter vorgef\u00fchrt.\" width=\"340\" height=\"350\" \/><\/a><figcaption id=\"caption-attachment-1183\" class=\"wp-caption-text\">Angeklagter wird von Gerichtsknechten dem Richter vorgef\u00fchrt.<\/figcaption><\/figure><\/p>\n<blockquote><p><em><a href=\"http:\/\/www.uni-mannheim.de\/mateo\/desbillons\/bambi.html\">Constitutio  Criminalis Bambergensis<\/a><\/em> von 1507. [Schwarzenberg, Johann von: Bambergische Peinliche Halsgerichtsordnung.] &#8211; Bamberg: Hans Pfeil, 1507. &#8211; (7) Bl., Bl. 3-80; zahlreiche Ill.;  29,5 x 21 cm. \/ Deutsch verfasst und mit sch\u00f6nen Holzschnitten und Versspr\u00fcchen illustriert.<\/p><\/blockquote>\n<p>Sie gilt als <em>&#8222;Markstein und Wendepunkt  in der deutschen  Strafrechtsentwicklung&#8220;.<\/em><\/p>\n","protected":false},"excerpt":{"rendered":"<p>Das Portal MATEO (= MAnnheimer TExte Online) publiziert wissenschaftliche Arbeiten und Prim\u00e4rquellen im World Wide Web.\u00a0 Unter dem Profil MARABU geht es um digitale Reprints alter Drucke der Fr\u00fchen Neuzeit. <a class=\"more-link\" href=\"https:\/\/teuthorn.net\/feuilleton\/?p=1182\">Lesen Sie weiter &#8230;<\/a><\/p>\n","protected":false},"author":1,"featured_media":0,"comment_status":"open","ping_status":"open","sticky":false,"template":"","format":"standard","meta":{"_crdt_document":"","footnotes":""},"categories":[9,11],"tags":[94,120,332,385],"class_list":["post-1182","post","type-post","status-publish","format-standard","hentry","category-geschichte","category-literatur","tag-burse","tag-digitalisat","tag-schule","tag-uni"],"_links":{"self":[{"href":"https:\/\/teuthorn.net\/feuilleton\/index.php?rest_route=\/wp\/v2\/posts\/1182","targetHints":{"allow":["GET"]}}],"collection":[{"href":"https:\/\/teuthorn.net\/feuilleton\/index.php?rest_route=\/wp\/v2\/posts"}],"about":[{"href":"https:\/\/teuthorn.net\/feuilleton\/index.php?rest_route=\/wp\/v2\/types\/post"}],"author":[{"embeddable":true,"href":"https:\/\/teuthorn.net\/feuilleton\/index.php?rest_route=\/wp\/v2\/users\/1"}],"replies":[{"embeddable":true,"href":"https:\/\/teuthorn.net\/feuilleton\/index.php?rest_route=%2Fwp%2Fv2%2Fcomments&post=1182"}],"version-history":[{"count":0,"href":"https:\/\/teuthorn.net\/feuilleton\/index.php?rest_route=\/wp\/v2\/posts\/1182\/revisions"}],"wp:attachment":[{"href":"https:\/\/teuthorn.net\/feuilleton\/index.php?rest_route=%2Fwp%2Fv2%2Fmedia&parent=1182"}],"wp:term":[{"taxonomy":"category","embeddable":true,"href":"https:\/\/teuthorn.net\/feuilleton\/index.php?rest_route=%2Fwp%2Fv2%2Fcategories&post=1182"},{"taxonomy":"post_tag","embeddable":true,"href":"https:\/\/teuthorn.net\/feuilleton\/index.php?rest_route=%2Fwp%2Fv2%2Ftags&post=1182"}],"curies":[{"name":"wp","href":"https:\/\/api.w.org\/{rel}","templated":true}]}}