{"id":12,"date":"2006-11-02T08:13:00","date_gmt":"2006-11-02T01:13:00","guid":{"rendered":"http:\/\/teuthorn.net\/feuilleton\/?p=12"},"modified":"2006-11-02T08:13:00","modified_gmt":"2006-11-02T01:13:00","slug":"leni-93","status":"publish","type":"post","link":"https:\/\/teuthorn.net\/feuilleton\/?p=12","title":{"rendered":"Leni 93!!!"},"content":{"rendered":"<p>Aus Anlass des 93. Geburtstages unserer Mutter m\u00f6chte ich endlich das Familienfoto-Projekt starten. Mehr unter dem in der \u00dcberschrift versteckten Link!<br \/>\n<a href=\"http:\/\/bp1.blogger.com\/_F0F5Rca9wL0\/RvwSTXbmwGI\/AAAAAAAAAFg\/p5IWL0RS0OA\/s1600-h\/blog_standesamt.gif\" onblur=\"try {parent.deselectBloggerImageGracefully();} catch(e) {}\"><img decoding=\"async\" id=\"BLOGGER_PHOTO_ID_5114983400702656610\" style=\"margin: 0pt 10px 10px 0pt; float: left; cursor: pointer; width: 332px; height: 206px;\" src=\"http:\/\/bp1.blogger.com\/_F0F5Rca9wL0\/RvwSTXbmwGI\/AAAAAAAAAFg\/p5IWL0RS0OA\/s200\/blog_standesamt.gif\" border=\"0\" alt=\"\" \/><\/a><br \/>\n\u00dcbrigens,   am 4. Februar 1938 heiratete man mit Zylinder!<br \/>\n<a href=\"http:\/\/photos1.blogger.com\/blogger2\/583\/4152\/1600\/blog_%20Hiddensee37_1.png\" onblur=\"try {parent.deselectBloggerImageGracefully();} catch(e) {}\"><img decoding=\"async\" style=\"margin: 0pt 0pt 10px 10px; float: left; cursor: pointer;\" src=\"http:\/\/photos1.blogger.com\/blogger2\/583\/4152\/320\/blog_%20Hiddensee37_1.png\" border=\"0\" alt=\"\" \/><\/a><br \/>\n1937 ging das Paar von Welt im Sommeranzug zum Strand.<br \/>\n<a href=\"http:\/\/photos1.blogger.com\/blogger2\/583\/4152\/1600\/blog_Hiddens37_jo_sand.png\" onblur=\"try {parent.deselectBloggerImageGracefully();} catch(e) {}\"><img decoding=\"async\" style=\"margin: 0pt 0pt 10px 10px; float: left; cursor: pointer;\" src=\"http:\/\/photos1.blogger.com\/blogger2\/583\/4152\/320\/blog_Hiddens37_jo_sand.png\" border=\"0\" alt=\"\" \/><\/a><br \/>\nund selbst zur Badehose trug man Scheitel!<\/p>\n","protected":false},"excerpt":{"rendered":"<p>Aus Anlass des 93. Geburtstages unserer Mutter m\u00f6chte ich endlich das Familienfoto-Projekt starten. Mehr unter dem in der \u00dcberschrift versteckten Link! \u00dcbrigens, am 4. Februar 1938 heiratete man mit Zylinder! <a class=\"more-link\" href=\"https:\/\/teuthorn.net\/feuilleton\/?p=12\">Lesen Sie weiter &#8230;<\/a><\/p>\n","protected":false},"author":1,"featured_media":0,"comment_status":"closed","ping_status":"closed","sticky":false,"template":"","format":"standard","meta":{"_crdt_document":"","footnotes":""},"categories":[7,14],"tags":[141],"class_list":["post-12","post","type-post","status-publish","format-standard","hentry","category-familie","category-ortregion","tag-familienfotos"],"_links":{"self":[{"href":"https:\/\/teuthorn.net\/feuilleton\/index.php?rest_route=\/wp\/v2\/posts\/12","targetHints":{"allow":["GET"]}}],"collection":[{"href":"https:\/\/teuthorn.net\/feuilleton\/index.php?rest_route=\/wp\/v2\/posts"}],"about":[{"href":"https:\/\/teuthorn.net\/feuilleton\/index.php?rest_route=\/wp\/v2\/types\/post"}],"author":[{"embeddable":true,"href":"https:\/\/teuthorn.net\/feuilleton\/index.php?rest_route=\/wp\/v2\/users\/1"}],"replies":[{"embeddable":true,"href":"https:\/\/teuthorn.net\/feuilleton\/index.php?rest_route=%2Fwp%2Fv2%2Fcomments&post=12"}],"version-history":[{"count":0,"href":"https:\/\/teuthorn.net\/feuilleton\/index.php?rest_route=\/wp\/v2\/posts\/12\/revisions"}],"wp:attachment":[{"href":"https:\/\/teuthorn.net\/feuilleton\/index.php?rest_route=%2Fwp%2Fv2%2Fmedia&parent=12"}],"wp:term":[{"taxonomy":"category","embeddable":true,"href":"https:\/\/teuthorn.net\/feuilleton\/index.php?rest_route=%2Fwp%2Fv2%2Fcategories&post=12"},{"taxonomy":"post_tag","embeddable":true,"href":"https:\/\/teuthorn.net\/feuilleton\/index.php?rest_route=%2Fwp%2Fv2%2Ftags&post=12"}],"curies":[{"name":"wp","href":"https:\/\/api.w.org\/{rel}","templated":true}]}}