{"id":1554,"date":"2010-11-18T00:31:27","date_gmt":"2010-11-17T23:31:27","guid":{"rendered":"http:\/\/teuthorn.net\/feuilleton\/?p=1554"},"modified":"2010-11-18T00:31:27","modified_gmt":"2010-11-17T23:31:27","slug":"es-geht-um-die-digitale-seele-der-menschheit","status":"publish","type":"post","link":"https:\/\/teuthorn.net\/feuilleton\/?p=1554","title":{"rendered":"&quot;Es geht um die digitale Seele der Menschheit.&quot;"},"content":{"rendered":"<p>Zwei ganze Seiten in prominenter Numerierung (S. 2-3) spendierte die Sueddeutsche gestern, am 17. November,  dem Thema, wie Facebook, Google und Apple unsere Kommunikation ver\u00e4ndern. Anlass war die Nachricht, dass Facebook eine neue Kommunikationsplattform vorgestellt habe, auf der k\u00fcnftig <strong>E-Mail-, SMS- und Chat-Nachrichten<\/strong> geb\u00fcndelt werden sollen. So viele Wahrheiten, aber auch deftig-kr\u00e4ftige Spr\u00fcche konnte man lange nicht so einfach einsammeln.<!--more--><br \/>\n<em>&#8222;&#8230;die Zusammenf\u00fchrung aller digitalen Regungen des Menschen &#8230; &#8222;<\/em><br \/>\n<em>&#8222;Es geht um die digitale Seele der Menschheit.&#8220;<\/em><br \/>\n<em>&#8222;Drei Giganten kriechen auf diesem Planeten regelm\u00e4\u00dfig aus ihren H\u00f6hlen und stampfen feuerschnaubend aufeinander zu.&#8220; &#8222;Und hier in Deutschland werden sie allesamt als Bedrohung empfunden.&#8220;<\/em><\/p>\n<blockquote><p>Das ist wohl wahr. Hier zu Lande wird in vielen Lebensfragen vornehmlich die Bedrohung, weniger die Chance gesehen. Als ich k\u00fcrzlich in einer Mailing-Liste etwas  zum Nutzen von Facebook f\u00fcr die Familienforschung postete, wurde diese Nachricht automatisch zur\u00fcckgehalten. Offensichtlich Teufelszeug! Als ich dieses sonderbare Verhalten zu kl\u00e4ren versuchte, teilte mir der Seitenadministrator mit,  Nachrichten mit diesem Reizwort w\u00fcrden automatisch ausgefiltert, und er f\u00fcgte hinzu: &#8222;<em>und das ist auch gut so!&#8220;<\/em>. Freiwillige Zensur also.<\/p><\/blockquote>\n<p><em>&#8222;Denn je mehr Zeit die Menschen auf den Seiten zubringen, je mehr sie kommunizieren und sich vernetzen, um so mehr geben sie von sich preis.&#8220;<\/em><\/p>\n<blockquote><p>Wohl wahr! Aber warum k\u00f6nnen viele Zeitgenossen, Risiken und Chancen gegeneinander abw\u00e4gend, das nicht bewusst und mit Selbstbeherrschung steuern?<\/p><\/blockquote>\n<p><em>&#8222;&#8230; alle wollen nur das Eine: uns, die Nutzer. Als Konsumenten von Produkten wie als Lieferanten von pers\u00f6nlichen Daten. Daf\u00fcr bieten sie -[&#8230;] Lebensraum und Lebensgef\u00fchl im Virtuellen.&#8220; <\/em><\/p>\n<blockquote><p>Diesen Raum sollten wir &#8211; nat\u00fcrlich mit Verstand &#8211; viel aktiver nutzen. Wer unsere Stra\u00dfen, sei es als Fu\u00dfg\u00e4nger oder Autofahrer, benutzt, wei\u00df welche Regeln er einhalten muss, um nicht unter die R\u00e4der zu kommen. Keinem w\u00fcrde einfallen, wegen der gegebenen Gefahren zu Hause zu bleiben. Er k\u00e4me ja nicht ans Ziel.<br \/>\nAuch in Deutschland sieht eine langsam gr\u00f6\u00dfer werdende Zahl von Familienforschern die Chancen,\u00a0 mittels Bloggen, Twittern und nun auch &#8222;Facebooken&#8220; sich zu Themen der Famlilienforschung effizient und schnell zu \u00e4u\u00dfern und damit nicht etwa nur anderen Anregungen zu geben, sondern auch die eigene Forschung voranzubringen.<\/p><\/blockquote>\n","protected":false},"excerpt":{"rendered":"<p>Zwei ganze Seiten in prominenter Numerierung (S. 2-3) spendierte die Sueddeutsche gestern, am 17. November, dem Thema, wie Facebook, Google und Apple unsere Kommunikation ver\u00e4ndern. Anlass war die Nachricht, dass <a class=\"more-link\" href=\"https:\/\/teuthorn.net\/feuilleton\/?p=1554\">Lesen Sie weiter &#8230;<\/a><\/p>\n","protected":false},"author":1,"featured_media":0,"comment_status":"open","ping_status":"open","sticky":false,"template":"","format":"standard","meta":{"_crdt_document":"","footnotes":""},"categories":[8],"tags":[65,138,175,382],"class_list":["post-1554","post","type-post","status-publish","format-standard","hentry","category-genealogie-im-netz","tag-apple","tag-facebook","tag-google","tag-twitter"],"_links":{"self":[{"href":"https:\/\/teuthorn.net\/feuilleton\/index.php?rest_route=\/wp\/v2\/posts\/1554","targetHints":{"allow":["GET"]}}],"collection":[{"href":"https:\/\/teuthorn.net\/feuilleton\/index.php?rest_route=\/wp\/v2\/posts"}],"about":[{"href":"https:\/\/teuthorn.net\/feuilleton\/index.php?rest_route=\/wp\/v2\/types\/post"}],"author":[{"embeddable":true,"href":"https:\/\/teuthorn.net\/feuilleton\/index.php?rest_route=\/wp\/v2\/users\/1"}],"replies":[{"embeddable":true,"href":"https:\/\/teuthorn.net\/feuilleton\/index.php?rest_route=%2Fwp%2Fv2%2Fcomments&post=1554"}],"version-history":[{"count":0,"href":"https:\/\/teuthorn.net\/feuilleton\/index.php?rest_route=\/wp\/v2\/posts\/1554\/revisions"}],"wp:attachment":[{"href":"https:\/\/teuthorn.net\/feuilleton\/index.php?rest_route=%2Fwp%2Fv2%2Fmedia&parent=1554"}],"wp:term":[{"taxonomy":"category","embeddable":true,"href":"https:\/\/teuthorn.net\/feuilleton\/index.php?rest_route=%2Fwp%2Fv2%2Fcategories&post=1554"},{"taxonomy":"post_tag","embeddable":true,"href":"https:\/\/teuthorn.net\/feuilleton\/index.php?rest_route=%2Fwp%2Fv2%2Ftags&post=1554"}],"curies":[{"name":"wp","href":"https:\/\/api.w.org\/{rel}","templated":true}]}}