{"id":1947,"date":"2011-03-20T12:25:09","date_gmt":"2011-03-20T11:25:09","guid":{"rendered":"http:\/\/teuthorn.net\/feuilleton\/?p=1947"},"modified":"2011-03-20T12:25:09","modified_gmt":"2011-03-20T11:25:09","slug":"ans-netz-gehen-oder-abschalten","status":"publish","type":"post","link":"https:\/\/teuthorn.net\/feuilleton\/?p=1947","title":{"rendered":"An&#039;s Netz gehen oder abschalten?"},"content":{"rendered":"<p>Alle Welt dr\u00e4ngt auf Facebook (<strong><em>F<\/em><\/strong>). Maybrit Illner ebenso wie CompGen. Nun auch ich. Dabei ist die Frage doch: Brauchen wir <strong><em>F<\/em><\/strong> \u00fcberhaupt, oder machen wir derzeit nur eine schrille Mode mit? Letzteres ist nicht unwahrscheinlich. Aber warum muss der Hobbygenealoge da mitmachen?<br \/>\nDer gemeine Familienforscher braucht <!--more-->eine <em><strong>Website <\/strong><\/em>(zum Publizieren l\u00e4ngerer Texte), ein <em><strong>Blog <\/strong><\/em>(zum Mitteilen von Meinungen und aktuellen Erkenntnisschritten) und je nach Geschmack l\u00e4sst sich beides sogar kombinieren. Mit <em><strong>Twitter <\/strong><\/em>informiert er interessierte Mitforscher mit nicht \u00fcberbietbarer Schnelligkeit n\u00fcchtern \u00fcber dieses,\u00a0 sein Tun. Damit findet er auch ein breiteres Publikum. Und nun <em><strong>Facebook<\/strong><\/em>, wo u.a. junge Leute ohne R\u00fccksicht auf die Folgen \u00fcber ihre Tattoos diskutieren und Partyfotos mit pers\u00f6nlichen Tags versehen? Wo neben solch freiwilligem Entbl\u00f6\u00dfen der wertvolle Werberohstoff pers\u00f6nlicher Daten und Vorlieben auch unfreiwillig verschenkt wird? &#8211; Im letzten Jahrhundert, als es noch Tabus gab, war es zum \u00f6fffentlichen Bekenntnis, dem Sich-Outen,\u00a0 ein langer, meist aber wenigstens selbst kontrollierter Weg. Heute entgleitet uns die Kontrolle mehr und mehr.<br \/>\nZur\u00fcck auf unserere bescheidene Ebene. Was passiert dem <em>homo genealogicus<\/em> wenn er die Kontrolle \u00fcber sein genealogisches Kern-Material und seine Identit\u00e4t verliert? Sch\u00e4digt er nur sich oder kontaminiert er auch andere? Beides passiert laufend. <em><strong>F <\/strong><\/em>ist eine Teufelstechnik und doch versuchen einige sie zu beherrschen. Solange uns dies gelingt, sind uns aber sch\u00f6ne Ergebnisse sicher.<br \/>\nZu meiner \u00dcberraschung wollte vor einigen Tagen eine junge amerikanische Verwandte 8. (achten!) Grades meine <strong><em>F<\/em><\/strong>-Freundin werden und fragte mich nach der Auswanderung ihres Zweimal-Urgro\u00dfvaters, unseres gemeinsamen Vorfahren.\u00a0 Das Thema &#8222;Where are your roots?&#8220;\u00a0 ist gerade Thema im Sozialkundeunterricht ihrer Schule in Illinois. Und gestern traf ich in den Weiten des <strong><em>F<\/em><\/strong>-Universums Daniel.\u00a0 Vor fast 400 Jahren oder elf Generationen bestimmte ein gemeinsamer Vorfahr in der Zeit des 30-j\u00e4hrigen Krieges als B\u00fcrgermeister die Geschicke der Stadt Frankenhausen.\u00a0 Auch der Kontakt zum chilenischen Zweig meiner Gro\u00dffamilie w\u00e4re ohne <em><strong>F<\/strong><\/em> nicht m\u00f6glich gewesen.<br \/>\nTrotz\u00a0 Zweifeln und \u00c4rgernissen bleibt mein Forchungs-PC am Netz. Ich versuche die Technik in den Griff zu bekommen. Ob es mir immer gelingen wird?<\/p>\n","protected":false},"excerpt":{"rendered":"<p>Alle Welt dr\u00e4ngt auf Facebook (F). Maybrit Illner ebenso wie CompGen. Nun auch ich. Dabei ist die Frage doch: Brauchen wir F \u00fcberhaupt, oder machen wir derzeit nur eine schrille <a class=\"more-link\" href=\"https:\/\/teuthorn.net\/feuilleton\/?p=1947\">Lesen Sie weiter &#8230;<\/a><\/p>\n","protected":false},"author":1,"featured_media":0,"comment_status":"closed","ping_status":"closed","sticky":false,"template":"","format":"standard","meta":{"_crdt_document":"","footnotes":""},"categories":[3,8],"tags":[138],"class_list":["post-1947","post","type-post","status-publish","format-standard","hentry","category-auswanderung","category-genealogie-im-netz","tag-facebook"],"_links":{"self":[{"href":"https:\/\/teuthorn.net\/feuilleton\/index.php?rest_route=\/wp\/v2\/posts\/1947","targetHints":{"allow":["GET"]}}],"collection":[{"href":"https:\/\/teuthorn.net\/feuilleton\/index.php?rest_route=\/wp\/v2\/posts"}],"about":[{"href":"https:\/\/teuthorn.net\/feuilleton\/index.php?rest_route=\/wp\/v2\/types\/post"}],"author":[{"embeddable":true,"href":"https:\/\/teuthorn.net\/feuilleton\/index.php?rest_route=\/wp\/v2\/users\/1"}],"replies":[{"embeddable":true,"href":"https:\/\/teuthorn.net\/feuilleton\/index.php?rest_route=%2Fwp%2Fv2%2Fcomments&post=1947"}],"version-history":[{"count":0,"href":"https:\/\/teuthorn.net\/feuilleton\/index.php?rest_route=\/wp\/v2\/posts\/1947\/revisions"}],"wp:attachment":[{"href":"https:\/\/teuthorn.net\/feuilleton\/index.php?rest_route=%2Fwp%2Fv2%2Fmedia&parent=1947"}],"wp:term":[{"taxonomy":"category","embeddable":true,"href":"https:\/\/teuthorn.net\/feuilleton\/index.php?rest_route=%2Fwp%2Fv2%2Fcategories&post=1947"},{"taxonomy":"post_tag","embeddable":true,"href":"https:\/\/teuthorn.net\/feuilleton\/index.php?rest_route=%2Fwp%2Fv2%2Ftags&post=1947"}],"curies":[{"name":"wp","href":"https:\/\/api.w.org\/{rel}","templated":true}]}}