{"id":2460,"date":"2011-11-08T20:02:53","date_gmt":"2011-11-08T19:02:53","guid":{"rendered":"http:\/\/teuthorn.net\/feuilleton\/?p=2460"},"modified":"2011-11-08T20:02:53","modified_gmt":"2011-11-08T19:02:53","slug":"familienforscher-stammtisch-munchen-wurde-im-september-4-jahre-alt","status":"publish","type":"post","link":"https:\/\/teuthorn.net\/feuilleton\/?p=2460","title":{"rendered":"Familienforscher-Stammtisch M\u00fcnchen besteht vier Jahre"},"content":{"rendered":"<p><a href=\"http:\/\/www.bratwurst-gloeckl.de\/\" target=\"_blank\"><img decoding=\"async\" class=\"alignleft size-full wp-image-2462\" title=\"BW_gloeckl\" src=\"http:\/\/teuthorn.net\/feuilleton\/wp-content\/uploads\/2011\/11\/BW_gloeckl.gif\" alt=\"\" width=\"116\" height=\"171\" \/><\/a>Am 17.\u00a0 September 2007 trafen sich in den Pf\u00e4lzer Weinstuben der M\u00fcnchener Residenz vier Familienforscher. Da man sich noch nicht kannte, war ein Exemplar der ComputerGenealogie das Erkennungszeichen. Als man nach angeregtem Gespr\u00e4ch auseinanderging war der &#8218;Familienforscher-Stammtisch M\u00fcnchen&#8216; gegr\u00fcndet.<br \/>\nInzwischen treffen wir uns regelm\u00e4\u00dfig <strong>an jedem ersten Dienstag eines Monats ab 18 Uhr im Obergeschoss \/ Terrassenzimmmer des &#8218;N\u00fcrnberger Bratwurstgl\u00f6ckl am Dom&#8216;<\/strong>. Der harte Kern ist gewachsen, und wir begr\u00fc\u00dfen auch gerne in Abst\u00e4nden wiederkehrende oder gelegentlich hereinschauende G\u00e4ste. Die \u00d6rtlichkeit ist nahezu optimal. Denn der Wirt hat ein Herz f\u00fcr Stammtische. \u00dcber den k\u00fcrzlich f\u00fcr uns ge\u00f6ffneten WLAN-Zugang k\u00f6nnen wir bei Bedarf per Beamer auch genealogische Internet-Themen demonstrieren.<!--more-->Und was ist eigentlich unser Ziel? Das ist zuallererst der Erfahrungsaustausch zu unserem vielseitigen Hobby. Zwar gibt es meist ein bis zwei verabredete Themen, zu denen in wechselnder Folge ein Kollege, der\/die sich zum jeweiligen Thema am besten auskennt vortr\u00e4gt und sich der Diskussion stellt, aber ebensolchen Raum nimmt das Gespr\u00e4ch ohne feste Tagesordnung ein.<br \/>\nHeute ging es \u00fcbrigens u.a. um ein realisiertes Buchprojekt und die Kommunikation im Internet mit Schwerpunkt BLOG. Das Netztagebuch &#8211; so kann man Blog \u00fcbersetzen &#8211; ist leicht zu handhaben und erm\u00f6glicht es, kurze Forschungsergebnisse mit dem Ziel ins Netz zu stellen, sich mitzuteilen und gefunden zu werden. Aus der amerikanischen Genealogenszene ist es nicht mehr wegzudenken.<br \/>\nAm Gespr\u00e4ch waren diesmal 13 Stammtischfreunde beteiligt.<\/p>\n","protected":false},"excerpt":{"rendered":"<p>Am 17.\u00a0 September 2007 trafen sich in den Pf\u00e4lzer Weinstuben der M\u00fcnchener Residenz vier Familienforscher. Da man sich noch nicht kannte, war ein Exemplar der ComputerGenealogie das Erkennungszeichen. Als man <a class=\"more-link\" href=\"https:\/\/teuthorn.net\/feuilleton\/?p=2460\">Lesen Sie weiter &#8230;<\/a><\/p>\n","protected":false},"author":1,"featured_media":0,"comment_status":"open","ping_status":"closed","sticky":false,"template":"","format":"standard","meta":{"_crdt_document":"","footnotes":""},"categories":[2,23],"tags":[],"class_list":["post-2460","post","type-post","status-publish","format-standard","hentry","category-archiv","category-stammtisch"],"_links":{"self":[{"href":"https:\/\/teuthorn.net\/feuilleton\/index.php?rest_route=\/wp\/v2\/posts\/2460","targetHints":{"allow":["GET"]}}],"collection":[{"href":"https:\/\/teuthorn.net\/feuilleton\/index.php?rest_route=\/wp\/v2\/posts"}],"about":[{"href":"https:\/\/teuthorn.net\/feuilleton\/index.php?rest_route=\/wp\/v2\/types\/post"}],"author":[{"embeddable":true,"href":"https:\/\/teuthorn.net\/feuilleton\/index.php?rest_route=\/wp\/v2\/users\/1"}],"replies":[{"embeddable":true,"href":"https:\/\/teuthorn.net\/feuilleton\/index.php?rest_route=%2Fwp%2Fv2%2Fcomments&post=2460"}],"version-history":[{"count":0,"href":"https:\/\/teuthorn.net\/feuilleton\/index.php?rest_route=\/wp\/v2\/posts\/2460\/revisions"}],"wp:attachment":[{"href":"https:\/\/teuthorn.net\/feuilleton\/index.php?rest_route=%2Fwp%2Fv2%2Fmedia&parent=2460"}],"wp:term":[{"taxonomy":"category","embeddable":true,"href":"https:\/\/teuthorn.net\/feuilleton\/index.php?rest_route=%2Fwp%2Fv2%2Fcategories&post=2460"},{"taxonomy":"post_tag","embeddable":true,"href":"https:\/\/teuthorn.net\/feuilleton\/index.php?rest_route=%2Fwp%2Fv2%2Ftags&post=2460"}],"curies":[{"name":"wp","href":"https:\/\/api.w.org\/{rel}","templated":true}]}}