{"id":2764,"date":"2012-06-28T01:02:07","date_gmt":"2012-06-27T23:02:07","guid":{"rendered":"http:\/\/teuthorn.net\/feuilleton\/?p=2764"},"modified":"2024-05-03T18:52:27","modified_gmt":"2024-05-03T16:52:27","slug":"erinnerungen-an-grosmutter-erica-2","status":"publish","type":"post","link":"https:\/\/teuthorn.net\/feuilleton\/?p=2764","title":{"rendered":"Erinnerungen an Gro\u00dfmutter Erica"},"content":{"rendered":"<p><strong><span style=\"color: #993300;\">&#8230;so wird ein Buch hei\u00dfen, das irgendwann in der zweiten Jahresh\u00e4lfte in Druck geht.<br \/>\n<\/span><\/strong><br \/>\nSozusagen im Endspurt erhielt ich soeben von flei\u00dfigen Helfern aus der Familie sch\u00f6ne Fotos zum Fischlandschmuck, die ich gerade eingearbeitet habe.<br \/>\nF\u00fcr die engere Familie und Freunde stellt P. T. das Leben seiner Gro\u00dfmutter und M\u00fcritz, den Ort seiner Kindersommer, in den Mittelpunkt dieser Familiengeschichte. Die Reise durch die Erinnerungen beginnt dort mit den Ereignissen um den 8. Mai 1945 und geht zur\u00fcck in die vorpommersche Heimat der Bachmann-Geschwister mit dem elterlichen Haus in Messenthin. Rostock und Poberow markieren die Spannweite der Lebensorte an der Ostseek\u00fcste. Die Nachkriegszw\u00e4nge f\u00fchren von der Oder an Elbe und Rhein. Wie immer, ist Familiengeschichte auch hier Wanderung. Diesmal von Osten nach Westen.<br \/>\n<a href=\"http:\/\/teuthorn.net\/feuilleton\/wp-content\/uploads\/2012\/06\/Brosche_beschn.jpg\"><img decoding=\"async\" class=\"alignleft size-thumbnail wp-image-2765\" title=\"Brosche_beschn\" src=\"http:\/\/teuthorn.net\/feuilleton\/wp-content\/uploads\/2012\/06\/Brosche_beschn-200x176.jpg\" alt=\"\" width=\"200\" height=\"176\" \/><\/a>Neben den einschneidenden Tagen des Zusammenbruchs geht es auch um sch\u00f6ne Dinge, wie den\u00a0 Fischlandschmuck des Goldschmiedes Walter Kramer. Das klingt dann so:<br \/>\n&#8222;Auf einem Portr\u00e4tfoto tr\u00e4gt Erica einen schweren Anh\u00e4nger von etwa 6 cm Durchmesser. Es ist eine zum Anh\u00e4nger umgearbeitete Brosche aus der Werkstatt des Ribnitzer Goldschmieds Walter Kramer.<br \/>\n<!--more-->Kramer, der den Betrieb seiner Familie bereits in der vierten Generati\u00adon f\u00fchrte, hatte 1932 eine Kollektion aus Brosche, Armband und Ring entworfen, die aus Sch\u00f6nheit des Materials und exzellenter Handwerkskunst ein ganz besonderes Produkt machte. Fast w\u00e4re mir der Fehler unterlaufen, von manueller, also h\u00e4ndischer Handwerkskunst zu sprechen. Ja, es war wunderbares Handwerk, wenn um einen besonders sch\u00f6nen Bernstein, der nach meinem Geschmack honiggolden sein sollte, allerlei Meeresgetier, vorzugsweise Fischlein und Seesterne, gruppiert wurden, und die Entscheidung schwer fiel, was bewunderungsw\u00fcrdiger sei, der ausgesuchte Stein oder die filigrane Umgebung der Meerestierchen. Kramer hatte diesen Schmuck 1932 als Fischlandschmuck zum Patent angemeldet. Gro\u00dfmutter hatte davon die sch\u00f6ns\u00adten Exemplare. Sie war ja auch nahe genug an der Quelle. Auch meine Mutter Leni liebte diesen Schmuck. Allerdings kamen ihre St\u00fccke wohl nicht ganz an die Qualit\u00e4t von Ericas heran. Ganz zu schweigen von dem durch den VEB (Volkseigener Betrieb) produzierten gestanzten Schmuck, der zwar in der DDR nachgefragt, aber weit entfernt von der Qualit\u00e4t des Original-Fischlandschmucks war.<br \/>\nDenn Kramer wurde 1947 enteignet und sein Betrieb erfolgreich als VEB fortgef\u00fchrt. Er selbst floh nach West\u00addeutschland, gewann den Pa\u00adtentstreit um seine Marke Fischland\u00adschmuck und produzierte und ver\u00adkaufte diesen in seinem Betrieb und Ladengesch\u00e4ft \u00edn Travem\u00fcnde.<br \/>\nEs ist sch\u00f6n zu wissen, dass sich originale Exemplare in unserer Fami\u00adlie erhalten haben. Dabei ist nicht mehr ganz nachzuvollziehen, ob dies die Objekte aus Ericas Nachlass oder dem meiner Mutter sind. Au\u00dfer\u00addem k\u00f6nnte es sein, dass Leni nach 1945 verlorene St\u00fccke bei Walter Kramer in Travem\u00fcnde nachkaufte.&#8220;<br \/>\nNach Kramers Tod verkauften dessen Erben erst vor Kurzem die Markenrechte an Uta Erichson. So kehrte die sch\u00f6ne Handwerksarbeit zur\u00fcck nach Ribnitz.\u00a0 <a href=\"https:\/\/bernstein-galerie.de\/Fischlandschmuck\/\" target=\"_blank\" rel=\"noopener\">http:\/\/www.bernsteingalerie-ribnitz.de\/index.php<\/a><\/p>\n","protected":false},"excerpt":{"rendered":"<p>&#8230;so wird ein Buch hei\u00dfen, das irgendwann in der zweiten Jahresh\u00e4lfte in Druck geht. Sozusagen im Endspurt erhielt ich soeben von flei\u00dfigen Helfern aus der Familie sch\u00f6ne Fotos zum Fischlandschmuck, <a class=\"more-link\" href=\"https:\/\/teuthorn.net\/feuilleton\/?p=2764\">Lesen Sie weiter &#8230;<\/a><\/p>\n","protected":false},"author":1,"featured_media":0,"comment_status":"open","ping_status":"closed","sticky":false,"template":"","format":"standard","meta":{"_crdt_document":"","footnotes":""},"categories":[7,36,14,26],"tags":[],"class_list":["post-2764","post","type-post","status-publish","format-standard","hentry","category-familie","category-messenthin","category-ortregion","category-vorpommern"],"_links":{"self":[{"href":"https:\/\/teuthorn.net\/feuilleton\/index.php?rest_route=\/wp\/v2\/posts\/2764","targetHints":{"allow":["GET"]}}],"collection":[{"href":"https:\/\/teuthorn.net\/feuilleton\/index.php?rest_route=\/wp\/v2\/posts"}],"about":[{"href":"https:\/\/teuthorn.net\/feuilleton\/index.php?rest_route=\/wp\/v2\/types\/post"}],"author":[{"embeddable":true,"href":"https:\/\/teuthorn.net\/feuilleton\/index.php?rest_route=\/wp\/v2\/users\/1"}],"replies":[{"embeddable":true,"href":"https:\/\/teuthorn.net\/feuilleton\/index.php?rest_route=%2Fwp%2Fv2%2Fcomments&post=2764"}],"version-history":[{"count":1,"href":"https:\/\/teuthorn.net\/feuilleton\/index.php?rest_route=\/wp\/v2\/posts\/2764\/revisions"}],"predecessor-version":[{"id":11248,"href":"https:\/\/teuthorn.net\/feuilleton\/index.php?rest_route=\/wp\/v2\/posts\/2764\/revisions\/11248"}],"wp:attachment":[{"href":"https:\/\/teuthorn.net\/feuilleton\/index.php?rest_route=%2Fwp%2Fv2%2Fmedia&parent=2764"}],"wp:term":[{"taxonomy":"category","embeddable":true,"href":"https:\/\/teuthorn.net\/feuilleton\/index.php?rest_route=%2Fwp%2Fv2%2Fcategories&post=2764"},{"taxonomy":"post_tag","embeddable":true,"href":"https:\/\/teuthorn.net\/feuilleton\/index.php?rest_route=%2Fwp%2Fv2%2Ftags&post=2764"}],"curies":[{"name":"wp","href":"https:\/\/api.w.org\/{rel}","templated":true}]}}