{"id":519,"date":"2009-07-20T12:22:21","date_gmt":"2009-07-20T12:22:21","guid":{"rendered":"http:\/\/teuthorn.net\/feuilleton\/?p=519"},"modified":"2018-05-01T19:43:54","modified_gmt":"2018-05-01T19:43:54","slug":"vom-sofalesen-und-gefalschten-lebenslaufen","status":"publish","type":"post","link":"https:\/\/teuthorn.net\/feuilleton\/?p=519","title":{"rendered":"Gef\u00e4lschte Lebensl\u00e4ufe auf dem Sofa lesen"},"content":{"rendered":"<p><img decoding=\"async\" class=\"alignleft size-full wp-image-7068\" src=\"http:\/\/teuthorn.net\/feuilleton\/wp-content\/uploads\/2018\/04\/sofa.jpg\" alt=\"\" width=\"170\" height=\"103\" \/>Vor ein paar Tagen ging es hier um das <a href=\"http:\/\/teuthorn.net\/feuilleton\/?p=451\" target=\"_blank\" rel=\"noopener\">bequeme Lesen<\/a> genealogischer Literatur, also vom Bed\u00fcrfnis,\u00a0 statt des Blicks auf einen Bildschirm eine herk\u00f6mmliche\u00a0 Zeitschrift in der Hand zu halten, wenigstens aber eine PDF-Datei auf Papier gedruckt zu lesen.\u00a0 Der theoretisch formalen Diskussion kann nun die Praxis folgen.<br \/>\n<a href=\"http:\/\/teuthorn.net\/feuilleton\/wp-content\/uploads\/2009\/07\/Herold-Deckbl.jpg\"><img decoding=\"async\" class=\"size-large wp-image-2241 alignright\" title=\"Herold-Deckblatt\" src=\"http:\/\/teuthorn.net\/feuilleton\/wp-content\/uploads\/2009\/07\/Herold-Deckbl-662x1024.jpg\" alt=\"\" width=\"227\" height=\"350\" \/><\/a>Ich halte seit heute die j\u00fcngste Ausgabe von &#8218;Der Herold &#8211; Vierteljahresschrift f\u00fcr Heraldik, Genealogie und verwandte Wissenschaften&#8216; in der Hand. Auf der ersten Seite (gleichzeitig Cover) prangt unser Corvinuswappen und leitet meinen abschlie\u00dfenden Aufsatz zu unserer urgro\u00dfm\u00fctterlichen Corvinuslinie ein.<\/p>\n<p style=\"padding-left: 30px;\"><span style=\"color: #808080;\"><strong><em>Die Familie Corvinus &#8211; Leben und Legende<\/em>, in\u00a0 Der Herold, Neue Folge Band 17, Jahrgang 52 (2009) Heft 1-2\/2009, S. 405-415.<!--more--><\/strong><\/span><\/p>\n<p><span style=\"color: #993300;\"><span style=\"color: #000000;\">Soweit die Zeitschrift. Im Folgenden nun zum PDF-Beispiel.\u00a0 <span style=\"color: #993300;\"><em>&#8222;Unwahrscheinliche Ahnenreihen, d. h. kaum glaubhafte Stammb\u00e4ume, die in archaischen Zeiten oder Mythen wurzeln, [&#8230;] hatten im 16. und 17. Jahrhundert Konjunktur.&#8220;<\/em><\/span> So beginnt die hier am 16. Juli vorgestellte Rezension zu <span style=\"color: #808080;\"><strong>Roberto Bizzochis Genealogie incredibili von 1995<\/strong><\/span>.\u00a0 Die Rezensentin verweist darauf, dass\u00a0 selbstverfasste Beweise nach dem Topos unerwarteter Quellenfunde \u00fcblich waren. <em><span style=\"color: #993300;\">&#8222;Wichtige dynastische, politische, konfessionelle und soziale Motive begr\u00fcndeten die ungeminderte Lebenskraft unwahrscheinlicher [mit gef\u00e4lschen Quellen belegter] Ahnenreihen in der fr\u00fchen Neuzeit.&#8220; <\/span><\/em>Die \u00dcbung, solche Abstammungen zur Legitimierung eigener Anspr\u00fcche zu \u00fcbernehmen, war quer durch Europa \u00fcblich. Ich hoffe, Adels- und Dynastenforscher sind sich dessen bewusst!<br \/>\n<\/span><\/span><br \/>\n<span style=\"color: #993300;\"><span style=\"color: #000000;\">Da ich in meiner obigen Arbeit ganz allgemein auf diese schon in der Antike \u00fcbliche Praxis hingewiesen <\/span><\/span><span style=\"color: #993300;\"><span style=\"color: #000000;\">hatte,\u00a0 bildet <\/span><\/span><span style=\"color: #993300;\"><span style=\"color: #000000;\">dieser Literaturfund mit seiner wissenschaftlichen Beweisf\u00fchrung eine sch\u00f6ne zus\u00e4tzliche Untermauerung meiner Aussage.\u00a0 Habe sofort \u00fcber die Stabi bestellt. So gut haben wir es in M\u00fcnchen!<br \/>\n<\/span><\/span><br \/>\n<span style=\"color: #993300;\"><span style=\"color: #000000;\"><br \/>\n<\/span><\/span><br \/>\n<span style=\"color: #993300;\"><span style=\"color: #000000;\"><br \/>\n<\/span><\/span><\/p>\n","protected":false},"excerpt":{"rendered":"<p>Vor ein paar Tagen ging es hier um das bequeme Lesen genealogischer Literatur, also vom Bed\u00fcrfnis,\u00a0 statt des Blicks auf einen Bildschirm eine herk\u00f6mmliche\u00a0 Zeitschrift in der Hand zu halten, <a class=\"more-link\" href=\"https:\/\/teuthorn.net\/feuilleton\/?p=519\">Lesen Sie weiter &#8230;<\/a><\/p>\n","protected":false},"author":1,"featured_media":7068,"comment_status":"closed","ping_status":"closed","sticky":false,"template":"","format":"standard","meta":{"_crdt_document":"","footnotes":""},"categories":[32,7,8,11,23],"tags":[428,429,347],"class_list":["post-519","post","type-post","status-publish","format-standard","has-post-thumbnail","hentry","category-corvinus","category-familie","category-genealogie-im-netz","category-literatur","category-stammtisch","tag-couch","tag-sofa","tag-stabi"],"_links":{"self":[{"href":"https:\/\/teuthorn.net\/feuilleton\/index.php?rest_route=\/wp\/v2\/posts\/519","targetHints":{"allow":["GET"]}}],"collection":[{"href":"https:\/\/teuthorn.net\/feuilleton\/index.php?rest_route=\/wp\/v2\/posts"}],"about":[{"href":"https:\/\/teuthorn.net\/feuilleton\/index.php?rest_route=\/wp\/v2\/types\/post"}],"author":[{"embeddable":true,"href":"https:\/\/teuthorn.net\/feuilleton\/index.php?rest_route=\/wp\/v2\/users\/1"}],"replies":[{"embeddable":true,"href":"https:\/\/teuthorn.net\/feuilleton\/index.php?rest_route=%2Fwp%2Fv2%2Fcomments&post=519"}],"version-history":[{"count":2,"href":"https:\/\/teuthorn.net\/feuilleton\/index.php?rest_route=\/wp\/v2\/posts\/519\/revisions"}],"predecessor-version":[{"id":7140,"href":"https:\/\/teuthorn.net\/feuilleton\/index.php?rest_route=\/wp\/v2\/posts\/519\/revisions\/7140"}],"wp:featuredmedia":[{"embeddable":true,"href":"https:\/\/teuthorn.net\/feuilleton\/index.php?rest_route=\/wp\/v2\/media\/7068"}],"wp:attachment":[{"href":"https:\/\/teuthorn.net\/feuilleton\/index.php?rest_route=%2Fwp%2Fv2%2Fmedia&parent=519"}],"wp:term":[{"taxonomy":"category","embeddable":true,"href":"https:\/\/teuthorn.net\/feuilleton\/index.php?rest_route=%2Fwp%2Fv2%2Fcategories&post=519"},{"taxonomy":"post_tag","embeddable":true,"href":"https:\/\/teuthorn.net\/feuilleton\/index.php?rest_route=%2Fwp%2Fv2%2Ftags&post=519"}],"curies":[{"name":"wp","href":"https:\/\/api.w.org\/{rel}","templated":true}]}}