{"id":7258,"date":"2018-05-04T00:46:56","date_gmt":"2018-05-04T00:46:56","guid":{"rendered":"http:\/\/teuthorn.net\/feuilleton\/?p=7258"},"modified":"2018-06-03T21:21:52","modified_gmt":"2018-06-03T21:21:52","slug":"die-friesischen-teuthorns-ein-fragment","status":"publish","type":"post","link":"https:\/\/teuthorn.net\/feuilleton\/?p=7258","title":{"rendered":"Die friesischen Teuthorns &#8211; ein Fragment"},"content":{"rendered":"<p><em>&#8222;Johannes Teuthorn, Sohn des Eislebener Oberstadtschreibers und Syndikus Caspar TEUTHORN kam mit Ende des 30j\u00e4hrigen Krieges als Lehrer und Rektor an das Jeversche Gymnasium und wurde kurz darauf f\u00fcr ein knappes Vierteljahrhundert Pastor im nahen W\u00fcppels.&#8220;<\/em><\/p>\n<figure id=\"attachment_7277\" aria-describedby=\"caption-attachment-7277\" style=\"width: 342px\" class=\"wp-caption alignleft\"><a href=\"http:\/\/teuthorn.net\/feuilleton\/wp-content\/uploads\/2018\/05\/past-chronik-wueppels-IMG_4707-e1525436035209.jpg\"><img decoding=\"async\" class=\"wp-image-7277\" src=\"http:\/\/teuthorn.net\/feuilleton\/wp-content\/uploads\/2018\/05\/past-chronik-wueppels-IMG_4707-e1525436035209.jpg\" alt=\"\" width=\"342\" height=\"433\" \/><\/a><figcaption id=\"caption-attachment-7277\" class=\"wp-caption-text\">Erste von drei Tafeln* der Pastorenchronik in der W\u00fcppelser Kirche<\/figcaption><\/figure>\n<p>So beginnt ein als Arbeitsseite bezeichneter Forschungsstand im <a href=\"http:\/\/www.teu-net.de\/genealogie\/geschichte\/jever\/jeverfamspuren.htm\" target=\"_blank\" rel=\"noopener\">TeuNet<\/a> aus dem Jahr 2008. Darin habe ich auch Herkunfts- und Familiendaten in graphischer Form hinterlegt. Zehn Jahr sp\u00e4ter ist mein Wissen immer noch auf dem damaligen Stand. Allerdings konnte ich von einer Reise nach Ostfriesland sch\u00f6ne Eindr\u00fccke der Wirkungsorte dieses Teuthorn-Zweiges nach Hause bringen. Ich bewahrte sie in einem, wie ich finde, sch\u00f6nen Bildbericht auf, der allerdings f\u00fcr die Familienforschung den Nachteil eines eigentlich privaten Reiseb\u00fcchleins hat, so dass er in dieser Form nicht g\u00e4nzlich f\u00fcr die \u00d6ffentlichkeit geeignet ist.<\/p>\n<p>Das bei Blurb produzierte B\u00fcchlein enth\u00e4lt betextete Fotos von Jever, der sch\u00f6nen Kirche St. Cosmas und Damian zu Wiarden, dann Bilder zur Warft von W\u00fcppels und seiner Kirche, von deren Kanzel Johannes Teuthorn 23 Jahre lang predigte. Auf der in der Kirche h\u00e4ngenden Pastorenchronik (3 Tafeln mit 31 Pastoren) wird Teuthorn unter Nummer 8 erw\u00e4hnt:<\/p>\n<p style=\"padding-left: 30px;\"><em>8. Io. [annes]\u00a0 TEUTHORN, vorhero Rector zu Iever, ist 1650 ihm [Fanc. FRISO] succediret, und 1673 gest. und begraben.<\/em><\/p>\n<figure id=\"attachment_7278\" aria-describedby=\"caption-attachment-7278\" style=\"width: 215px\" class=\"wp-caption alignright\"><a href=\"http:\/\/teuthorn.net\/feuilleton\/wp-content\/uploads\/2018\/05\/IMG_4713.jpg\"><img decoding=\"async\" class=\"wp-image-7278 size-medium\" src=\"http:\/\/teuthorn.net\/feuilleton\/wp-content\/uploads\/2018\/05\/IMG_4713-215x300.jpg\" alt=\"\" width=\"215\" height=\"300\" srcset=\"https:\/\/teuthorn.net\/feuilleton\/wp-content\/uploads\/2018\/05\/IMG_4713-215x300.jpg 215w, https:\/\/teuthorn.net\/feuilleton\/wp-content\/uploads\/2018\/05\/IMG_4713-768x1074.jpg 768w, https:\/\/teuthorn.net\/feuilleton\/wp-content\/uploads\/2018\/05\/IMG_4713-732x1024.jpg 732w, https:\/\/teuthorn.net\/feuilleton\/wp-content\/uploads\/2018\/05\/IMG_4713-107x150.jpg 107w\" sizes=\"(max-width: 215px) 100vw, 215px\" \/><\/a><figcaption id=\"caption-attachment-7278\" class=\"wp-caption-text\">Kanzel W\u00fcppels<\/figcaption><\/figure>\n<p>Es folgen Bilder von St. Florian zu Sillenstede, wo der Sohn des Johannes, Anthon Ernst TEUTHORN von 1708 bis 1718 als Oberpastor wirkte. Zuvor war er seit 1704 Unterpastor in Wiarden. Die Kirche begeisterte mich genau wie jene von Wiarden durch ihre Au\u00dfenw\u00e4nde aus farbigen Granitquadern. &#8211; Die geschichtlich-genealogischen Buchseiten k\u00f6nnen in verk\u00fcrzter Form als PDF bei YUMPU angesehen werden.**<\/p>\n<p style=\"margin: 5px;\">Biographische Daten sind wie schon erw\u00e4hnt in dem Artikel aus dem Jahr 2008 im TeuNet genannt. An dieser Stelle sei zus\u00e4tzlich auf eine inzwischen gefundene Quelle zur B\u00fcrgerschule in Jever hingewiesen. Sie gibt einen lebendigen Eindruck aus den Jahren 1573-1650 und belegt auf Seite 125 die <a href=\"http:\/\/teuthorn.net\/feuilleton\/?p=2499\" target=\"_blank\" rel=\"noopener\">Zeit des Rektors Teuthorn<\/a> an der Schule. (Beitr\u00e4ge zur Geschichte der Stadt Jever von Christian Friedrich Strackerjan, Bremen 1836)<\/p>\n<hr \/>\n<p>Hinweise: Seite 18 Gynasium\/Lateinschule Jever &#8211; Seite 29 Ausschnitt aus der Pastorenchronik W\u00fcppels &#8211; Seite 32 Kanzel W\u00fcppels.<\/p>\n<hr \/>\n<p>*) alle drei Tafeln unter <a href=\"http:\/\/teuthorn.net\/feuilleton\/?p=7312\" target=\"_blank\" rel=\"noopener\">Pastorenchronik W\u00fcppels<\/a><\/p>\n<p>**) Teuthorn, Peter: Eine Reise in den Norden, \u00dcber die Nordheide nach Friesland in 2011 &#8211; Ein Bildbericht \/ gek\u00fcrzte Version, (Blurb) als PDF auf der Flipboard-Plattform YUMPU.<\/p>\n<p>&nbsp;<\/p>\n<style>.embed-container { position: relative; padding-bottom:56.25%; height:0; overflow: hidden; max-width: 100%; } .embed-container iframe, .embed-container object, .embed-container embed { position: absolute; top: 0; left: 0; width: 100%; height: 100%;}<\/style>\n<div id=\"ypembedcontainer\" class=\"embed-container\" data-page-width=\"500\" data-page-height=\"421\"><iframe src=\"https:\/\/www.yumpu.com\/de\/embed\/view\/kGqOWUmoPu3HYVhg\" width=\"300\" height=\"150\" frameborder=\"0\" allowfullscreen=\"allowfullscreen\"><\/iframe><\/div>\n<p><script src='https:\/\/players.yumpu.com\/modules\/embed\/yp_r_iframe.js' ><\/script><\/p>\n","protected":false},"excerpt":{"rendered":"<p>&#8222;Johannes Teuthorn, Sohn des Eislebener Oberstadtschreibers und Syndikus Caspar TEUTHORN kam mit Ende des 30j\u00e4hrigen Krieges als Lehrer und Rektor an das Jeversche Gymnasium und wurde kurz darauf f\u00fcr ein <a class=\"more-link\" href=\"https:\/\/teuthorn.net\/feuilleton\/?p=7258\">Lesen Sie weiter &#8230;<\/a><\/p>\n","protected":false},"author":1,"featured_media":7278,"comment_status":"closed","ping_status":"closed","sticky":false,"template":"","format":"standard","meta":{"_crdt_document":"","footnotes":""},"categories":[7,9,12,24],"tags":[433,154,206,432,314,340,404,410],"class_list":["post-7258","post","type-post","status-publish","format-standard","has-post-thumbnail","hentry","category-familie","category-geschichte","category-namen","category-teuthorn","tag-chronik","tag-friesland","tag-jever","tag-pastor","tag-rektor","tag-sillenstede","tag-wiarden","tag-wueppels"],"_links":{"self":[{"href":"https:\/\/teuthorn.net\/feuilleton\/index.php?rest_route=\/wp\/v2\/posts\/7258","targetHints":{"allow":["GET"]}}],"collection":[{"href":"https:\/\/teuthorn.net\/feuilleton\/index.php?rest_route=\/wp\/v2\/posts"}],"about":[{"href":"https:\/\/teuthorn.net\/feuilleton\/index.php?rest_route=\/wp\/v2\/types\/post"}],"author":[{"embeddable":true,"href":"https:\/\/teuthorn.net\/feuilleton\/index.php?rest_route=\/wp\/v2\/users\/1"}],"replies":[{"embeddable":true,"href":"https:\/\/teuthorn.net\/feuilleton\/index.php?rest_route=%2Fwp%2Fv2%2Fcomments&post=7258"}],"version-history":[{"count":21,"href":"https:\/\/teuthorn.net\/feuilleton\/index.php?rest_route=\/wp\/v2\/posts\/7258\/revisions"}],"predecessor-version":[{"id":7496,"href":"https:\/\/teuthorn.net\/feuilleton\/index.php?rest_route=\/wp\/v2\/posts\/7258\/revisions\/7496"}],"wp:featuredmedia":[{"embeddable":true,"href":"https:\/\/teuthorn.net\/feuilleton\/index.php?rest_route=\/wp\/v2\/media\/7278"}],"wp:attachment":[{"href":"https:\/\/teuthorn.net\/feuilleton\/index.php?rest_route=%2Fwp%2Fv2%2Fmedia&parent=7258"}],"wp:term":[{"taxonomy":"category","embeddable":true,"href":"https:\/\/teuthorn.net\/feuilleton\/index.php?rest_route=%2Fwp%2Fv2%2Fcategories&post=7258"},{"taxonomy":"post_tag","embeddable":true,"href":"https:\/\/teuthorn.net\/feuilleton\/index.php?rest_route=%2Fwp%2Fv2%2Ftags&post=7258"}],"curies":[{"name":"wp","href":"https:\/\/api.w.org\/{rel}","templated":true}]}}