{"id":7312,"date":"2018-05-05T11:19:17","date_gmt":"2018-05-05T11:19:17","guid":{"rendered":"http:\/\/teuthorn.net\/feuilleton\/?p=7312"},"modified":"2018-05-05T23:43:05","modified_gmt":"2018-05-05T23:43:05","slug":"kirche-wueppels-mit-pastoren-chronik","status":"publish","type":"post","link":"https:\/\/teuthorn.net\/feuilleton\/?p=7312","title":{"rendered":"Kirche W\u00fcppels mit Pastoren-Chronik"},"content":{"rendered":"<figure id=\"attachment_7319\" aria-describedby=\"caption-attachment-7319\" style=\"width: 690px\" class=\"wp-caption alignleft\"><a href=\"http:\/\/teuthorn.net\/feuilleton\/wp-content\/uploads\/2018\/05\/4716-b.jpg\"><img decoding=\"async\" class=\"size-large wp-image-7319\" src=\"http:\/\/teuthorn.net\/feuilleton\/wp-content\/uploads\/2018\/05\/4716-b-1024x683.jpg\" alt=\"\" width=\"690\" height=\"460\" srcset=\"https:\/\/teuthorn.net\/feuilleton\/wp-content\/uploads\/2018\/05\/4716-b-1024x683.jpg 1024w, https:\/\/teuthorn.net\/feuilleton\/wp-content\/uploads\/2018\/05\/4716-b-300x200.jpg 300w, https:\/\/teuthorn.net\/feuilleton\/wp-content\/uploads\/2018\/05\/4716-b-768x512.jpg 768w, https:\/\/teuthorn.net\/feuilleton\/wp-content\/uploads\/2018\/05\/4716-b-225x150.jpg 225w\" sizes=\"(max-width: 690px) 100vw, 690px\" \/><\/a><figcaption id=\"caption-attachment-7319\" class=\"wp-caption-text\">Innenraum der Kirche von W\u00fcppels im Jahr 2009<\/figcaption><\/figure>\n<p>Drei Tafeln an der linken Innenwand der W\u00fcppelser Kirche z\u00e4hlen 31 Pastoren f\u00fcr die Zeit vom Anfang des 16.Jahrhunderts bis 1961 auf. Die erste Tafel ist \u00fcberchrieben mit:<\/p>\n<p><em>Einige Diener des Evangelii zu W\u00fcppels nach der Reformation B. Lutherii.<\/em><\/p>\n<div id='gallery-1' class='gallery galleryid-7312 gallery-columns-3 gallery-size-thumbnail'><figure class='gallery-item'>\n\t\t\t<div class='gallery-icon portrait'>\n\t\t\t\t<a href='https:\/\/teuthorn.net\/feuilleton\/wp-content\/uploads\/2018\/05\/past-chronik-wueppels-IMG_4707-e1525436035209.jpg'><img decoding=\"async\" width=\"150\" height=\"150\" src=\"https:\/\/teuthorn.net\/feuilleton\/wp-content\/uploads\/2018\/05\/past-chronik-wueppels-IMG_4707-150x150.jpg\" class=\"attachment-thumbnail size-thumbnail\" alt=\"\" aria-describedby=\"gallery-1-7277\" \/><\/a>\n\t\t\t<\/div>\n\t\t\t\t<figcaption class='wp-caption-text gallery-caption' id='gallery-1-7277'>\n\t\t\t\t1. Io. SARTORIUS bis 15. Gottfried BRUNS\n\t\t\t\t<\/figcaption><\/figure><figure class='gallery-item'>\n\t\t\t<div class='gallery-icon portrait'>\n\t\t\t\t<a href='https:\/\/teuthorn.net\/feuilleton\/wp-content\/uploads\/2018\/05\/4709-b.jpg'><img decoding=\"async\" width=\"150\" height=\"150\" src=\"https:\/\/teuthorn.net\/feuilleton\/wp-content\/uploads\/2018\/05\/4709-b-150x150.jpg\" class=\"attachment-thumbnail size-thumbnail\" alt=\"\" aria-describedby=\"gallery-1-7307\" \/><\/a>\n\t\t\t<\/div>\n\t\t\t\t<figcaption class='wp-caption-text gallery-caption' id='gallery-1-7307'>\n\t\t\t\t16. Nicolaus HEDDEN bis 26. Heinrich Anton BRUNKEN\n\t\t\t\t<\/figcaption><\/figure><figure class='gallery-item'>\n\t\t\t<div class='gallery-icon portrait'>\n\t\t\t\t<a href='https:\/\/teuthorn.net\/feuilleton\/wp-content\/uploads\/2018\/05\/4711-b.jpg'><img decoding=\"async\" width=\"150\" height=\"150\" src=\"https:\/\/teuthorn.net\/feuilleton\/wp-content\/uploads\/2018\/05\/4711-b-150x150.jpg\" class=\"attachment-thumbnail size-thumbnail\" alt=\"\" aria-describedby=\"gallery-1-7308\" \/><\/a>\n\t\t\t<\/div>\n\t\t\t\t<figcaption class='wp-caption-text gallery-caption' id='gallery-1-7308'>\n\t\t\t\t27. Martin E. Richard RAMSAUER bis 31. Dr. Stefan WELZ\n\t\t\t\t<\/figcaption><\/figure>\n\t\t<\/div>\n\n<p>Bei der Bearbeitung der Tafeln 2 und 3 streikte mein Fotoprogramm. Anpassung soll aber sp\u00e4ter noch erfolgen.<\/p>\n","protected":false},"excerpt":{"rendered":"<p>Drei Tafeln an der linken Innenwand der W\u00fcppelser Kirche z\u00e4hlen 31 Pastoren f\u00fcr die Zeit vom Anfang des 16.Jahrhunderts bis 1961 auf. Die erste Tafel ist \u00fcberchrieben mit: Einige Diener <a class=\"more-link\" href=\"https:\/\/teuthorn.net\/feuilleton\/?p=7312\">Lesen Sie weiter &#8230;<\/a><\/p>\n","protected":false},"author":1,"featured_media":7319,"comment_status":"closed","ping_status":"open","sticky":false,"template":"","format":"standard","meta":{"_crdt_document":"","footnotes":""},"categories":[14],"tags":[438,154,220,437,410],"class_list":["post-7312","post","type-post","status-publish","format-standard","has-post-thumbnail","hentry","category-ortregion","tag-bildquelle","tag-friesland","tag-kirche","tag-pastorenchronik","tag-wueppels"],"_links":{"self":[{"href":"https:\/\/teuthorn.net\/feuilleton\/index.php?rest_route=\/wp\/v2\/posts\/7312","targetHints":{"allow":["GET"]}}],"collection":[{"href":"https:\/\/teuthorn.net\/feuilleton\/index.php?rest_route=\/wp\/v2\/posts"}],"about":[{"href":"https:\/\/teuthorn.net\/feuilleton\/index.php?rest_route=\/wp\/v2\/types\/post"}],"author":[{"embeddable":true,"href":"https:\/\/teuthorn.net\/feuilleton\/index.php?rest_route=\/wp\/v2\/users\/1"}],"replies":[{"embeddable":true,"href":"https:\/\/teuthorn.net\/feuilleton\/index.php?rest_route=%2Fwp%2Fv2%2Fcomments&post=7312"}],"version-history":[{"count":9,"href":"https:\/\/teuthorn.net\/feuilleton\/index.php?rest_route=\/wp\/v2\/posts\/7312\/revisions"}],"predecessor-version":[{"id":7323,"href":"https:\/\/teuthorn.net\/feuilleton\/index.php?rest_route=\/wp\/v2\/posts\/7312\/revisions\/7323"}],"wp:featuredmedia":[{"embeddable":true,"href":"https:\/\/teuthorn.net\/feuilleton\/index.php?rest_route=\/wp\/v2\/media\/7319"}],"wp:attachment":[{"href":"https:\/\/teuthorn.net\/feuilleton\/index.php?rest_route=%2Fwp%2Fv2%2Fmedia&parent=7312"}],"wp:term":[{"taxonomy":"category","embeddable":true,"href":"https:\/\/teuthorn.net\/feuilleton\/index.php?rest_route=%2Fwp%2Fv2%2Fcategories&post=7312"},{"taxonomy":"post_tag","embeddable":true,"href":"https:\/\/teuthorn.net\/feuilleton\/index.php?rest_route=%2Fwp%2Fv2%2Ftags&post=7312"}],"curies":[{"name":"wp","href":"https:\/\/api.w.org\/{rel}","templated":true}]}}