{"id":8047,"date":"2018-12-01T17:18:04","date_gmt":"2018-12-01T17:18:04","guid":{"rendered":"http:\/\/teuthorn.net\/feuilleton\/?p=8047"},"modified":"2023-01-24T02:17:33","modified_gmt":"2023-01-24T00:17:33","slug":"der-griff-in-mein-buecherregal-vii","status":"publish","type":"post","link":"https:\/\/teuthorn.net\/feuilleton\/?p=8047","title":{"rendered":"Der Griff in mein B\u00fccherregal (VII)"},"content":{"rendered":"\n<h2 class=\"wp-block-heading\">Die Heiden von Kummerow<\/h2>\n\n\n<div class=\"wp-block-image\">\n<figure class=\"aligncenter is-resized\"><a href=\"http:\/\/teuthorn.net\/feuilleton\/wp-content\/uploads\/2018\/12\/kummerow.jpg\"><img decoding=\"async\" src=\"http:\/\/teuthorn.net\/feuilleton\/wp-content\/uploads\/2018\/12\/kummerow-768x719.jpg\" alt=\"\" class=\"wp-image-8048\" width=\"503\" height=\"472\" srcset=\"https:\/\/teuthorn.net\/feuilleton\/wp-content\/uploads\/2018\/12\/kummerow-768x719.jpg 768w, https:\/\/teuthorn.net\/feuilleton\/wp-content\/uploads\/2018\/12\/kummerow-300x281.jpg 300w, https:\/\/teuthorn.net\/feuilleton\/wp-content\/uploads\/2018\/12\/kummerow-1024x959.jpg 1024w, https:\/\/teuthorn.net\/feuilleton\/wp-content\/uploads\/2018\/12\/kummerow-160x150.jpg 160w\" sizes=\"(max-width: 503px) 100vw, 503px\" \/><\/a><figcaption class=\"wp-element-caption\">Ehm Welk: Die Heiden von Kummerow<\/figcaption><\/figure>\n<\/div>\n\n\n<p class=\"wp-block-paragraph\">Wer bei diesem Buchtitel aufhorcht, geh\u00f6rt zu den \u00c4lteren, denen also, die um 1945 herum Kind waren. Aber was hat dieser Titel mit Familiengeschichte zu tun? Sehn wir mal. <br \/><br \/>Beim Aufr\u00e4umen meines B\u00fccherregals hielt ich dieses Buch in den H\u00e4nden. Es stammt aus dem Nachlass meiner Mutter, und ich hatte es nur deshalb an mich genommen, weil ich die Widmung wegen der Handschrift meines Vaters f\u00fcr die Familienchronik bewahren wollte.<\/p>\n\n\n<div class=\"wp-block-image\">\n<figure class=\"aligncenter is-resized\"><a href=\"http:\/\/teuthorn.net\/feuilleton\/wp-content\/uploads\/2018\/12\/widmung_jo_kummerow2.jpg\"><img decoding=\"async\" src=\"http:\/\/teuthorn.net\/feuilleton\/wp-content\/uploads\/2018\/12\/widmung_jo_kummerow2.jpg\" alt=\"\" class=\"wp-image-8054\" width=\"140\" height=\"218\" srcset=\"https:\/\/teuthorn.net\/feuilleton\/wp-content\/uploads\/2018\/12\/widmung_jo_kummerow2.jpg 814w, https:\/\/teuthorn.net\/feuilleton\/wp-content\/uploads\/2018\/12\/widmung_jo_kummerow2-192x300.jpg 192w, https:\/\/teuthorn.net\/feuilleton\/wp-content\/uploads\/2018\/12\/widmung_jo_kummerow2-768x1197.jpg 768w, https:\/\/teuthorn.net\/feuilleton\/wp-content\/uploads\/2018\/12\/widmung_jo_kummerow2-657x1024.jpg 657w, https:\/\/teuthorn.net\/feuilleton\/wp-content\/uploads\/2018\/12\/widmung_jo_kummerow2-96x150.jpg 96w\" sizes=\"(max-width: 140px) 100vw, 140px\" \/><\/a><\/figure>\n<\/div>\n\n\n<p class=\"wp-block-paragraph\">Es haben sich mehrere solcher Widmungen erhalten. Ich werde sie f\u00fcr meine Familie einmal gesondert zusammenstellen und um Handschriftproben der Nachkommen erg\u00e4nzen.&nbsp; <\/p>\n\n\n\n<h2 class=\"wp-block-heading\">Wo liegt Kummerow?<\/h2>\n\n\n\n<p class=\"wp-block-paragraph\">Zum ersten Mal war ich den Kummerowern in den ersten Jahren der DDR, noch in meiner Geburtsstadt Greifswald, hinter den Glast\u00fcren des dunkel gebeizten elterlichen B\u00fccherschranks begegnet, wo sie neben der <em>&#8218;Lebensuhr des Gottlieb Grambauer&#8216;<\/em> standen. Bald war ich in die Heidenwelt bei den Weiden am Fluss eingetaucht und lauschte wie die Kummerower Jungen dem Kuhhirten Krischan.<\/p>\n\n\n\n<p class=\"wp-block-paragraph\">Als ich vor einigen Jahren bei einer Reise durch Mecklenburg am Kummerower See vorbeikam, fand ich zu meiner Entt\u00e4uschung keine Heidenspuren. Sp\u00e4tere Nachforschungen machten klar, nicht Kummerow, sein Schloss und sein See waren die B\u00fchne f\u00fcr Ehm Welks Erfolgsbuch, sondern sein Heimatort <a href=\"http:\/\/gov.genealogy.net\/BIERO1JO73AC\" target=\"_blank\" rel=\"noreferrer noopener\">Biesenbrow <\/a>in der Uckermark. Viele der Einwohner Biesenbrows erscheinen, teils unter anderen Namen, im Roman, den er zur weiteren Anonymisierung nun einfach Kummerow nannte. Wir kennen \u00e4hnliche Techniken von anderen Schriftstellern, in unserer Zeit vielleicht am ehesten von Uwe Johnson, dessen Kl\u00fctz im Nordwesten Mecklenburgs in seinen Jahrestagen zum Ort Jerichow wurde.<\/p>\n\n\n\n<p class=\"wp-block-paragraph\">Durch Verfremden ist es Uwe Johnson und Ehm Welk m\u00f6glich, die Menschen und die eigene Familie und Verwandtschaft mit ihren Marotten, Schw\u00e4chen oder auch liebenswerten Eigenschaften zu portr\u00e4tieren und so in die literarische Welt zu versetzen, wo sie f\u00fcr sp\u00e4tere Generationen weiterleben.<\/p>\n\n\n\n<h2 class=\"wp-block-heading\">Erz\u00e4hlhemmnisse in der Familienforschung<\/h2>\n\n\n\n<p class=\"wp-block-paragraph\">Wenn wir doch alle Schriftsteller w\u00e4ren! Dann k\u00f6nnten wir unsere Familiengeschichten auch aus der erst kurz zur\u00fcckliegenden Zeit erz\u00e4hlen so lange unsere Erinnerungen uns dies noch erm\u00f6glichen. Das w\u00e4re dann ein Weg, Datenschutzgrundverordnung, Pers\u00f6nlichkeitsrechte, Urheberschutz und manche Hindernisse mehr zu \u00fcberlisten. Sp\u00e4tere Generationen w\u00fcrden sich dann an das Dechiffrieren der Verfremdungen machen, die uns zu unserer Zeit ein Ver\u00f6ffentlichen erm\u00f6glichten. F\u00fcr die Kummerower Helden kann man so etwas mit der&nbsp; Genealogie der Biesenbrower versuchen.<\/p>\n\n\n\n<h2 class=\"wp-block-heading\">Genealogie Biesenbrows<\/h2>\n\n\n<p>In der Schriftenreihe der Arbeitsgemeinschaft f\u00fcr mitteldeutsche Familienforschung erscheint in unver\u00e4ndertem Nachdruck<\/p>\n<p style=\"padding-left: 30px;\">L\u00fcpnitz, Herbert: <em>Die <a href=\"https:\/\/amf.faust-iserver.de\/ergebnis_start.fau?prj=amf&amp;token=2b66200d4c3e5d355c2a104ce09d40b13c51f4de67b566d1d9345645e2d625fee48a92d0a68ae9b6c20230124\" target=\"_blank\" rel=\"noopener noreferrer\">Ahnen der Heiden von Kummerow<\/a>, nach genealogischen Forschungenen in den Kirchenb\u00fcchern von Biesenbrow im Kreis Angerm\u00fcnde von 1646 bis 1945,<\/em> Criewen 1972. Bearbeitet und mit einem Register versehen von Walter Arndt.<\/p>\n<p>Fu\u00dfnoten stellen Bez\u00fcge zwischen Ahnenliste und Romanfiguren her.<\/p>\n\n\n<p class=\"wp-block-paragraph\">Ehm Welk, eigentlich Gustav Emil Welk, nennt in seinen Romanen seinen Vater unter Verwendung eines Biesebrower Familiennamens Gottlieb Grambauer.<br \/><br \/>12\/2018 \/ 1\/2023<\/p>\n\n\n<hr \/>\n<p>In der Reihe \u2018Griff in mein B\u00fccherregal\u2019 auch:<br \/>I\u00a0 \u00a0 <a href=\"http:\/\/teuthorn.net\/feuilleton\/?p=5039\" target=\"_blank\" rel=\"noopener noreferrer\">Ulrich Wehler<\/a><br \/>II \u00a0 <a href=\"http:\/\/teuthorn.net\/feuilleton\/?p=5061\" target=\"_blank\" rel=\"noopener noreferrer\">van D\u00fclmen<\/a><br \/>III <a href=\"http:\/\/teuthorn.net\/feuilleton\/?p=5534\" target=\"_blank\" rel=\"noopener noreferrer\">\u00a0Theodor Fontane<\/a><br \/>IV\u00a0<a href=\"http:\/\/teuthorn.net\/feuilleton\/?p=6574\" target=\"_blank\" rel=\"noopener noreferrer\"> Historischer Stadbildatlas Kiel<\/a><br \/>V\u00a0\u00a0 <a href=\"http:\/\/teuthorn.net\/feuilleton\/?p=4533\" target=\"_blank\" rel=\"noopener noreferrer\">Gustav Freytag <\/a><br \/>VI\u00a0 <a href=\"http:\/\/teuthorn.net\/feuilleton\/?p=7889\" target=\"_blank\" rel=\"noopener noreferrer\"> Eric Hobsbawm<\/a><br \/>VII <a href=\"http:\/\/teuthorn.net\/feuilleton\/?p=8047\">Die Heiden von Kummerow<\/a> ( Ehm Welk)<br \/>VIII <a href=\"http:\/\/teuthorn.net\/feuilleton\/?p=9026\" target=\"_blank\" rel=\"noopener noreferrer\">Walter Kempowski<\/a> Echolot<\/p>","protected":false},"excerpt":{"rendered":"<p>Die Heiden von Kummerow Wer bei diesem Buchtitel aufhorcht, geh\u00f6rt zu den \u00c4lteren, denen also, die um 1945 herum Kind waren. Aber was hat dieser Titel mit Familiengeschichte zu tun? <a class=\"more-link\" href=\"https:\/\/teuthorn.net\/feuilleton\/?p=8047\">Lesen Sie weiter &#8230;<\/a><\/p>\n","protected":false},"author":1,"featured_media":8048,"comment_status":"closed","ping_status":"open","sticky":false,"template":"","format":"standard","meta":{"_crdt_document":"","footnotes":""},"categories":[4,16],"tags":[59,493,477,492,567,491,571,568],"class_list":["post-8047","post","type-post","status-publish","format-standard","has-post-thumbnail","hentry","category-bibliothek","category-publizieren","tag-amf","tag-biesenbrow","tag-buecherregal","tag-ehm-welk","tag-grambauer","tag-kummerow","tag-literatur","tag-sr-amf"],"_links":{"self":[{"href":"https:\/\/teuthorn.net\/feuilleton\/index.php?rest_route=\/wp\/v2\/posts\/8047","targetHints":{"allow":["GET"]}}],"collection":[{"href":"https:\/\/teuthorn.net\/feuilleton\/index.php?rest_route=\/wp\/v2\/posts"}],"about":[{"href":"https:\/\/teuthorn.net\/feuilleton\/index.php?rest_route=\/wp\/v2\/types\/post"}],"author":[{"embeddable":true,"href":"https:\/\/teuthorn.net\/feuilleton\/index.php?rest_route=\/wp\/v2\/users\/1"}],"replies":[{"embeddable":true,"href":"https:\/\/teuthorn.net\/feuilleton\/index.php?rest_route=%2Fwp%2Fv2%2Fcomments&post=8047"}],"version-history":[{"count":20,"href":"https:\/\/teuthorn.net\/feuilleton\/index.php?rest_route=\/wp\/v2\/posts\/8047\/revisions"}],"predecessor-version":[{"id":10800,"href":"https:\/\/teuthorn.net\/feuilleton\/index.php?rest_route=\/wp\/v2\/posts\/8047\/revisions\/10800"}],"wp:featuredmedia":[{"embeddable":true,"href":"https:\/\/teuthorn.net\/feuilleton\/index.php?rest_route=\/wp\/v2\/media\/8048"}],"wp:attachment":[{"href":"https:\/\/teuthorn.net\/feuilleton\/index.php?rest_route=%2Fwp%2Fv2%2Fmedia&parent=8047"}],"wp:term":[{"taxonomy":"category","embeddable":true,"href":"https:\/\/teuthorn.net\/feuilleton\/index.php?rest_route=%2Fwp%2Fv2%2Fcategories&post=8047"},{"taxonomy":"post_tag","embeddable":true,"href":"https:\/\/teuthorn.net\/feuilleton\/index.php?rest_route=%2Fwp%2Fv2%2Ftags&post=8047"}],"curies":[{"name":"wp","href":"https:\/\/api.w.org\/{rel}","templated":true}]}}