{"id":822,"date":"2010-02-25T10:58:10","date_gmt":"2010-02-25T21:28:10","guid":{"rendered":"http:\/\/teuthorn.net\/feuilleton\/?p=822"},"modified":"2010-02-25T10:58:10","modified_gmt":"2010-02-25T21:28:10","slug":"mitteilungen-aus-der-bayerischen-staatsbibliothek","status":"publish","type":"post","link":"https:\/\/teuthorn.net\/feuilleton\/?p=822","title":{"rendered":"Tatort M\u00fcnchen &#8211; Digitalisate f\u00fcr Genealogen"},"content":{"rendered":"<p>In der Computergenealogie 3\/2009 hatte ich \u00fcber die Massendigitalisierung im Digitalisierungszentrum der Bayerischen Staatsbibliothek berichtet. Ganz aktuell informiert das <em><strong>Bibliotheksmagazin, Mitteilungen aus den Staatsbibliotheken in Berlin und M\u00fcnchen,<\/strong><\/em> in seiner gerade ausgelieferten Ausgabe 1\/2010 \u00fcber ein Schmankerl f\u00fcr Genealogen. Es geht um den Erwerb wertvoller Handschriften und wiederum um ihre Pr\u00e4sentation als Digitalisat.<br \/>\n<figure id=\"attachment_832\" aria-describedby=\"caption-attachment-832\" style=\"width: 320px\" class=\"wp-caption alignleft\"><a href=\"http:\/\/teuthorn.net\/feuilleton\/wp-content\/uploads\/2010\/02\/BiblMag01_2010_ausschn.jpg\"><img decoding=\"async\" class=\"size-full wp-image-832\" title=\"BiblMag01_2010_ausschn\" src=\"http:\/\/teuthorn.net\/feuilleton\/wp-content\/uploads\/2010\/02\/BiblMag01_2010_ausschn.jpg\" alt=\"\" width=\"320\" height=\"431\" \/><\/a><figcaption id=\"caption-attachment-832\" class=\"wp-caption-text\">Seite 18 aus den Ehrenbuch der Fugger<\/figcaption><\/figure><br \/>\nAuf Seite 3-10 berichtet Claudia Fabian \u00fcber den k\u00fcrzlichen Ankauf zweier Fugger-Genealogien, und auf Seite 21-25 Wolfgang-Valentin Ikas und Friedrich Ulf R\u00f6hrer-Ertl \u00fcber <em><strong>Die Sammlungen Eckher und Prey zur Genealogie des Bayerischen Adels<\/strong><\/em>.<br \/>\nBei den Fuggern handelt es sich um <em><strong>Das Geheime Ehrenbuch der Fugger<\/strong><\/em>, eine gro\u00dfformatige, feinstens kolorierte Handschrift, sowie um den kolorierten Druck <em><strong>Fuggerorum et Fuggerarum &#8230; Imagines<\/strong><\/em>. Beide sind inzwischen digitalisiert. F\u00fcr das M\u00fcnchener Publikum sind sie vom 25. Februar bis 22. Mai 2010 in der sogenannten Schatzkammer der Staatsbibliothek k\u00f6rperlich und virtuell zu besichtigen. Dazu werden die Digitalisate in einer 3D-Version pr\u00e4sentiert.<br \/>\nDas Netz-Publikum hat kostenlosen Zugang \u00fcber die Digitale Bibliothek. Ein Beispiel ist das <a href=\"http:\/\/daten.digitale-sammlungen.de\/~db\/0004\/bsb00042105\/images\/index.html?id=00042105&amp;fip=94.216.218.65&amp;no=72&amp;seite=52\">Allianzbildnis des Jacob Fugger und der Sibylla Artzt<\/a>. Der Prey <a href=\"http:\/\/www.digitale-sammlungen.de\/~db\/0001\/bsb00014250\/images\/\">beginnt so<\/a>.<br \/>\nAuf dem Bild ist oben das urspr\u00fcngliche Fuggerwarenzeichen zu sehen, sowie\u00a0 auf den unteren Schildern zwei Hausmarken.<br \/>\nDas Heft berichtet auch \u00fcber das VD17-Symposion in M\u00fcnchen. Darauf werde ich zu einem sp\u00e4teren Zeitpunkt zur\u00fcckkommen.<\/p>\n","protected":false},"excerpt":{"rendered":"<p>In der Computergenealogie 3\/2009 hatte ich \u00fcber die Massendigitalisierung im Digitalisierungszentrum der Bayerischen Staatsbibliothek berichtet. Ganz aktuell informiert das Bibliotheksmagazin, Mitteilungen aus den Staatsbibliotheken in Berlin und M\u00fcnchen, in seiner <a class=\"more-link\" href=\"https:\/\/teuthorn.net\/feuilleton\/?p=822\">Lesen Sie weiter &#8230;<\/a><\/p>\n","protected":false},"author":1,"featured_media":0,"comment_status":"open","ping_status":"open","sticky":false,"template":"","format":"standard","meta":{"_crdt_document":"","footnotes":""},"categories":[8,9,11,27],"tags":[50,120,155],"class_list":["post-822","post","type-post","status-publish","format-standard","hentry","category-genealogie-im-netz","category-geschichte","category-literatur","category-wappen","tag-adel","tag-digitalisat","tag-fugger"],"_links":{"self":[{"href":"https:\/\/teuthorn.net\/feuilleton\/index.php?rest_route=\/wp\/v2\/posts\/822","targetHints":{"allow":["GET"]}}],"collection":[{"href":"https:\/\/teuthorn.net\/feuilleton\/index.php?rest_route=\/wp\/v2\/posts"}],"about":[{"href":"https:\/\/teuthorn.net\/feuilleton\/index.php?rest_route=\/wp\/v2\/types\/post"}],"author":[{"embeddable":true,"href":"https:\/\/teuthorn.net\/feuilleton\/index.php?rest_route=\/wp\/v2\/users\/1"}],"replies":[{"embeddable":true,"href":"https:\/\/teuthorn.net\/feuilleton\/index.php?rest_route=%2Fwp%2Fv2%2Fcomments&post=822"}],"version-history":[{"count":0,"href":"https:\/\/teuthorn.net\/feuilleton\/index.php?rest_route=\/wp\/v2\/posts\/822\/revisions"}],"wp:attachment":[{"href":"https:\/\/teuthorn.net\/feuilleton\/index.php?rest_route=%2Fwp%2Fv2%2Fmedia&parent=822"}],"wp:term":[{"taxonomy":"category","embeddable":true,"href":"https:\/\/teuthorn.net\/feuilleton\/index.php?rest_route=%2Fwp%2Fv2%2Fcategories&post=822"},{"taxonomy":"post_tag","embeddable":true,"href":"https:\/\/teuthorn.net\/feuilleton\/index.php?rest_route=%2Fwp%2Fv2%2Ftags&post=822"}],"curies":[{"name":"wp","href":"https:\/\/api.w.org\/{rel}","templated":true}]}}