{"id":8467,"date":"2021-10-19T16:32:00","date_gmt":"2021-10-19T14:32:00","guid":{"rendered":"http:\/\/teuthorn.net\/feuilleton\/?p=8467"},"modified":"2021-10-20T03:46:28","modified_gmt":"2021-10-20T01:46:28","slug":"mit-genealogischer-buchpublikation-reich-werden","status":"publish","type":"post","link":"https:\/\/teuthorn.net\/feuilleton\/?p=8467","title":{"rendered":"Mit genealogischer Buchpublikation reich werden ;-)"},"content":{"rendered":"\n<h2 class=\"wp-block-heading\">&#8230; und sich aufs Oktoberfest freuen<\/h2>\n\n\n\n<div class=\"wp-block-image\"><figure class=\"alignright size-large is-resized\"><a href=\"http:\/\/teuthorn.net\/feuilleton\/wp-content\/uploads\/2021\/10\/ebubli.abrechnung-1.jpg\" target=\"_blank\" rel=\"noopener noreferrer\"><img decoding=\"async\" src=\"http:\/\/teuthorn.net\/feuilleton\/wp-content\/uploads\/2021\/10\/ebubli.abrechnung-1.jpg\" alt=\"\" class=\"wp-image-10175\" width=\"257\" height=\"127\" srcset=\"https:\/\/teuthorn.net\/feuilleton\/wp-content\/uploads\/2021\/10\/ebubli.abrechnung-1.jpg 799w, https:\/\/teuthorn.net\/feuilleton\/wp-content\/uploads\/2021\/10\/ebubli.abrechnung-1-400x199.jpg 400w, https:\/\/teuthorn.net\/feuilleton\/wp-content\/uploads\/2021\/10\/ebubli.abrechnung-1-768x383.jpg 768w\" sizes=\"(max-width: 257px) 100vw, 257px\" \/><\/a><figcaption>Damit erh\u00f6hen sich die gesamten Einnahmen immerhin auf stolze rund 9 Euro<\/figcaption><\/figure><\/div>\n\n\n\n<p class=\"wp-block-paragraph\"><strong>Nach zwei Jahren gingen heute auf meinem Konto  wieder einmal 1,29\u20ac ein. Ich war irgendwie ger\u00fchrt.<\/strong> Die \u00dcberweisung kam vom Selfpublishing-Verlag ePubli.&nbsp; Hatte ich doch vor drei Jahren dort ein Kapitel meiner Familiengeschichte &#8211; ohne jegliche Verkaufsabsicht &#8211; lediglich mit dem Ziel ver\u00f6ffentlicht, dieses per Internationaler Standardbuchnummer (ISBN) f\u00fcr m\u00f6gliche k\u00fcnftig Interessierte in der Deutschen Nationabibliothek (DNB) auffindbar zu machen.<\/p>\n\n\n\n<div class=\"wp-block-image\"><figure class=\"aligncenter size-large is-resized\"><a href=\"http:\/\/teuthorn.net\/feuilleton\/wp-content\/uploads\/2021\/10\/epubli.erica_.jpg\" target=\"_blank\" rel=\"noopener noreferrer\"><img decoding=\"async\" src=\"http:\/\/teuthorn.net\/feuilleton\/wp-content\/uploads\/2021\/10\/epubli.erica_.jpg\" alt=\"\" class=\"wp-image-10182\" width=\"469\" height=\"417\" srcset=\"https:\/\/teuthorn.net\/feuilleton\/wp-content\/uploads\/2021\/10\/epubli.erica_.jpg 604w, https:\/\/teuthorn.net\/feuilleton\/wp-content\/uploads\/2021\/10\/epubli.erica_-337x300.jpg 337w, https:\/\/teuthorn.net\/feuilleton\/wp-content\/uploads\/2021\/10\/epubli.erica_-168x150.jpg 168w\" sizes=\"(max-width: 469px) 100vw, 469px\" \/><\/a><\/figure><\/div>\n\n\n\n<p class=\"wp-block-paragraph\"><em>&#8222;Mit 18,99 \u20ac langt der ja ganz sch\u00f6n hin&#8220;<\/em>, hat mancher wohl gedacht. Und so sieht die Realit\u00e4t aus! 1,29\u20ac (6,8 %) f\u00fcr den Autor  &amp; 17,70 (93,2 %) f\u00fcr den Verlag. &#8211; So verdienen Verlag &amp; Autor, der eine materiell, der andere ideell ;-). WinWin! Auf der M\u00fcnchener Wiesen von 2022 werde ich dann auf den unerwarteten Bucherfolg eine Maa\u00df heben! Es braucht nur ein bisschen Zuzahlung.<\/p>\n\n\n\n<p class=\"has-white-background-color has-background wp-block-paragraph\" style=\"font-size:11px\"><span style=\"background-color:#ffffff\" class=\"tadv-background-color\">Der <strong>Bierpreis<\/strong> auf dem Oktoberfest 2019 betrug zwischen 10,80 und 11,80 Euro und war damit im Schnitt 3,11 % h\u00f6her als 2018. Die <strong>Bierpreise<\/strong> f\u00fcr die Wiesn 2022 stehen noch nicht fest.<\/span><\/p>\n\n\n\n<div class=\"wp-block-image\"><figure class=\"alignright is-resized\"><a href=\"http:\/\/teuthorn.net\/feuilleton\/wp-content\/uploads\/2019\/08\/epubli.jpg\"><img decoding=\"async\" src=\"http:\/\/teuthorn.net\/feuilleton\/wp-content\/uploads\/2019\/08\/epubli.jpg\" alt=\"\" class=\"wp-image-8468\" width=\"272\" height=\"126\" srcset=\"https:\/\/teuthorn.net\/feuilleton\/wp-content\/uploads\/2019\/08\/epubli.jpg 642w, https:\/\/teuthorn.net\/feuilleton\/wp-content\/uploads\/2019\/08\/epubli-400x185.jpg 400w, https:\/\/teuthorn.net\/feuilleton\/wp-content\/uploads\/2019\/08\/epubli-300x139.jpg 300w\" sizes=\"(max-width: 272px) 100vw, 272px\" \/><\/a><\/figure><\/div>\n\n\n\n<p class=\"wp-block-paragraph\">Vor dem Selfpublishing hatte ich nat\u00fcrlich eine betr\u00e4chtliche Anzahl des Buches handwerklich  drucken lassen und innerhalb meiner Familie verschenkt, auch in meiner  und einer weiteren Vereinsbibliothek hinterlegt. Jetzt ging es nur noch  darum, den Text per ISBN &amp; Deutsche NationalBibliothek auch f\u00fcr Sp\u00e4tere bestm\u00f6glich zu sichern. Dass sich nun  doch einige Leute daf\u00fcr interessierten, hat mich \u00fcberrascht. <\/p>\n\n\n\n<hr class=\"wp-block-separator\"\/>\n\n\n\n<p class=\"wp-block-paragraph\">(c) \u00e4hnlich erstmals 2019<\/p>\n","protected":false},"excerpt":{"rendered":"<p>&#8230; und sich aufs Oktoberfest freuen Nach zwei Jahren gingen heute auf meinem Konto wieder einmal 1,29\u20ac ein. Ich war irgendwie ger\u00fchrt. Die \u00dcberweisung kam vom Selfpublishing-Verlag ePubli.&nbsp; Hatte ich <a class=\"more-link\" href=\"https:\/\/teuthorn.net\/feuilleton\/?p=8467\">Lesen Sie weiter &#8230;<\/a><\/p>\n","protected":false},"author":1,"featured_media":8468,"comment_status":"open","ping_status":"open","sticky":false,"template":"","format":"standard","meta":{"_crdt_document":"","footnotes":""},"categories":[29,4,32,7,9,34,11,37,16,24,26],"tags":[182,337],"class_list":["post-8467","post","type-post","status-publish","format-standard","has-post-thumbnail","hentry","category-bachmann","category-bibliothek","category-corvinus","category-familie","category-geschichte","category-greifswald","category-literatur","category-mueritz","category-publizieren","category-teuthorn","category-vorpommern","tag-grosmutter-erica","tag-self-publishing"],"_links":{"self":[{"href":"https:\/\/teuthorn.net\/feuilleton\/index.php?rest_route=\/wp\/v2\/posts\/8467","targetHints":{"allow":["GET"]}}],"collection":[{"href":"https:\/\/teuthorn.net\/feuilleton\/index.php?rest_route=\/wp\/v2\/posts"}],"about":[{"href":"https:\/\/teuthorn.net\/feuilleton\/index.php?rest_route=\/wp\/v2\/types\/post"}],"author":[{"embeddable":true,"href":"https:\/\/teuthorn.net\/feuilleton\/index.php?rest_route=\/wp\/v2\/users\/1"}],"replies":[{"embeddable":true,"href":"https:\/\/teuthorn.net\/feuilleton\/index.php?rest_route=%2Fwp%2Fv2%2Fcomments&post=8467"}],"version-history":[{"count":13,"href":"https:\/\/teuthorn.net\/feuilleton\/index.php?rest_route=\/wp\/v2\/posts\/8467\/revisions"}],"predecessor-version":[{"id":10191,"href":"https:\/\/teuthorn.net\/feuilleton\/index.php?rest_route=\/wp\/v2\/posts\/8467\/revisions\/10191"}],"wp:featuredmedia":[{"embeddable":true,"href":"https:\/\/teuthorn.net\/feuilleton\/index.php?rest_route=\/wp\/v2\/media\/8468"}],"wp:attachment":[{"href":"https:\/\/teuthorn.net\/feuilleton\/index.php?rest_route=%2Fwp%2Fv2%2Fmedia&parent=8467"}],"wp:term":[{"taxonomy":"category","embeddable":true,"href":"https:\/\/teuthorn.net\/feuilleton\/index.php?rest_route=%2Fwp%2Fv2%2Fcategories&post=8467"},{"taxonomy":"post_tag","embeddable":true,"href":"https:\/\/teuthorn.net\/feuilleton\/index.php?rest_route=%2Fwp%2Fv2%2Ftags&post=8467"}],"curies":[{"name":"wp","href":"https:\/\/api.w.org\/{rel}","templated":true}]}}